{"id":123557,"date":"2020-03-09T17:19:40","date_gmt":"2020-03-09T16:19:40","guid":{"rendered":"https:\/\/zjarr.tv\/?p=123557"},"modified":"2020-03-09T17:19:40","modified_gmt":"2020-03-09T16:19:40","slug":"mbyllja-e-shkollave-e-cerdheve-basha-shteti-te-kompensoje-nje-nga-prinderit-qe-do-te-kujdeset-per-femijet","status":"publish","type":"post","link":"https:\/\/zjarr.tv\/sq\/mbyllja-e-shkollave-e-cerdheve-basha-shteti-te-kompensoje-nje-nga-prinderit-qe-do-te-kujdeset-per-femijet\/","title":{"rendered":"Mbyllja e shkollave e \u00e7erdheve, Basha: Shteti t\u00eb kompensoj\u00eb nj\u00eb nga prind\u00ebrit q\u00eb do t\u00eb kujdeset p\u00ebr f\u00ebmij\u00ebt"},"content":{"rendered":"<p>Pas vendimit t\u00eb mbylljen e shkollave dhe \u00e7erdheve nga koronavirusi q\u00eb tashm\u00eb ka mb\u00ebrritur n\u00eb Shqip\u00ebri.<\/p>\n<p>P\u00ebrmes nj\u00eb statusi n\u00eb Twitter, Basha shkruan se shteti duhet t\u2019i paguaj\u00eb po t\u2019i kompensoj\u00eb prind\u00ebrit n\u00eb marr\u00ebdh\u00ebnie pune q\u00eb duhet t\u00eb kujdesen p\u00ebr f\u00ebmij\u00ebt e vegj\u00ebl gjat\u00eb k\u00ebsaj kohe.<\/p>\n<p><strong>Basha:<\/strong><em>\u00a0Pas vendimit p\u00ebr mbylljen e shkollave, kopshteve dhe \u00e7erdheve, duhet q\u00eb shteti t\u00eb paguaj\u00eb apo kompensoj\u00eb me vler\u00eb t\u00eb plot\u00eb nj\u00eb nga prind\u00ebrit n\u00eb marr\u00ebdh\u00ebnie pune q\u00eb duhet t\u00eb kujdeset p\u00ebr f\u00ebmij\u00ebt e vegj\u00ebl gjat\u00eb koh\u00ebs q\u00eb \u00e7erdhet, kopshtet dhe shkollat q\u00ebndrojn\u00eb t\u00eb mbyllura.<\/em><\/p>\n","protected":false},"excerpt":{"rendered":"<p>Pas vendimit t\u00eb mbylljen e shkollave dhe \u00e7erdheve nga koronavirusi q\u00eb tashm\u00eb ka mb\u00ebrritur n\u00eb Shqip\u00ebri. P\u00ebrmes nj\u00eb statusi n\u00eb Twitter, Basha shkruan se shteti duhet t\u2019i paguaj\u00eb po t\u2019i kompensoj\u00eb prind\u00ebrit n\u00eb marr\u00ebdh\u00ebnie pune q\u00eb duhet t\u00eb kujdesen p\u00ebr f\u00ebmij\u00ebt e vegj\u00ebl gjat\u00eb k\u00ebsaj kohe. Basha:\u00a0Pas vendimit p\u00ebr mbylljen e shkollave, kopshteve dhe \u00e7erdheve, [&hellip;]<\/p>\n","protected":false},"author":2013,"featured_media":112899,"comment_status":"open","ping_status":"closed","sticky":false,"template":"","format":"standard","meta":{"footnotes":""},"categories":[241,235],"tags":[],"class_list":{"0":"post-123557","1":"post","2":"type-post","3":"status-publish","4":"format-standard","5":"has-post-thumbnail","7":"category-aktualitet","8":"category-vendi"},"_links":{"self":[{"href":"https:\/\/zjarr.tv\/sq\/wp-json\/wp\/v2\/posts\/123557","targetHints":{"allow":["GET"]}}],"collection":[{"href":"https:\/\/zjarr.tv\/sq\/wp-json\/wp\/v2\/posts"}],"about":[{"href":"https:\/\/zjarr.tv\/sq\/wp-json\/wp\/v2\/types\/post"}],"author":[{"embeddable":true,"href":"https:\/\/zjarr.tv\/sq\/wp-json\/wp\/v2\/users\/2013"}],"replies":[{"embeddable":true,"href":"https:\/\/zjarr.tv\/sq\/wp-json\/wp\/v2\/comments?post=123557"}],"version-history":[{"count":0,"href":"https:\/\/zjarr.tv\/sq\/wp-json\/wp\/v2\/posts\/123557\/revisions"}],"wp:featuredmedia":[{"embeddable":true,"href":"https:\/\/zjarr.tv\/sq\/wp-json\/wp\/v2\/media\/112899"}],"wp:attachment":[{"href":"https:\/\/zjarr.tv\/sq\/wp-json\/wp\/v2\/media?parent=123557"}],"wp:term":[{"taxonomy":"category","embeddable":true,"href":"https:\/\/zjarr.tv\/sq\/wp-json\/wp\/v2\/categories?post=123557"},{"taxonomy":"post_tag","embeddable":true,"href":"https:\/\/zjarr.tv\/sq\/wp-json\/wp\/v2\/tags?post=123557"}],"curies":[{"name":"wp","href":"https:\/\/api.w.org\/{rel}","templated":true}]}}