{"id":123562,"date":"2020-03-09T17:29:09","date_gmt":"2020-03-09T16:29:09","guid":{"rendered":"https:\/\/zjarr.tv\/?p=123562"},"modified":"2020-03-09T17:29:09","modified_gmt":"2020-03-09T16:29:09","slug":"pas-kopshteve-dhe-cerdheve-nis-dezinfektimin-e-autobuseve","status":"publish","type":"post","link":"https:\/\/zjarr.tv\/sq\/pas-kopshteve-dhe-cerdheve-nis-dezinfektimin-e-autobuseve\/","title":{"rendered":"Pas kopshteve dhe \u00e7erdheve, nis dezinfektimin e autobus\u00ebve"},"content":{"rendered":"<p>Pas \u00e7erdheve dhe kopshteve, bashkia Tiran\u00eb do t\u00eb dezinfektoj\u00eb deh autobus\u00ebt. Kryebashkiaku Veliaj n\u00ebp\u00ebrmjet nj\u00eb postimi n\u00eb rrjetet sociale shkruan:<\/p>\n<p>\u201c<em>Nis dezinfektimi i autobuz\u00ebve! Por kini parasysh, kalon nga njeriu te njeriu, jo aq shum\u00eb nga autobuzi t\u00eb njeriu! Ndaj idealisht udh\u00ebtimi me bi\u00e7iklet\u00eb apo ecja n\u00eb k\u00ebmb\u00eb \u00ebsht\u00eb akoma m\u00eb e sh\u00ebndetshme si n\u00eb rast virozash, ashtu dhe n\u00eb dit\u00ebt normale!<\/em>\u201c<\/p>\n<p>M\u00eb her\u00ebt kryebashkiaku Veliaj sqaroi se k\u00ebto dit\u00eb bashkia do t\u00eb b\u00ebj\u00eb dhe dezinfektimin e gjith\u00eb kopshteve dhe \u00e7erdheve n\u00eb Tiran\u00eb, q\u00eb t\u00eb jen\u00eb gati p\u00ebr rihapjen pas dy jav\u00ebve. Sot n\u00eb m\u00ebngjes, qeveria mori disa masa si ndalimin e fluturimeve e mbylljen e shkollave p\u00ebr p\u00ebrballimin e kriz\u00ebs s\u00eb koronavirusit<\/p>\n","protected":false},"excerpt":{"rendered":"<p>Pas \u00e7erdheve dhe kopshteve, bashkia Tiran\u00eb do t\u00eb dezinfektoj\u00eb deh autobus\u00ebt. Kryebashkiaku Veliaj n\u00ebp\u00ebrmjet nj\u00eb postimi n\u00eb rrjetet sociale shkruan: \u201cNis dezinfektimi i autobuz\u00ebve! Por kini parasysh, kalon nga njeriu te njeriu, jo aq shum\u00eb nga autobuzi t\u00eb njeriu! Ndaj idealisht udh\u00ebtimi me bi\u00e7iklet\u00eb apo ecja n\u00eb k\u00ebmb\u00eb \u00ebsht\u00eb akoma m\u00eb e sh\u00ebndetshme si n\u00eb [&hellip;]<\/p>\n","protected":false},"author":2013,"featured_media":123563,"comment_status":"open","ping_status":"closed","sticky":false,"template":"","format":"standard","meta":{"footnotes":""},"categories":[241,235],"tags":[],"class_list":{"0":"post-123562","1":"post","2":"type-post","3":"status-publish","4":"format-standard","5":"has-post-thumbnail","7":"category-aktualitet","8":"category-vendi"},"_links":{"self":[{"href":"https:\/\/zjarr.tv\/sq\/wp-json\/wp\/v2\/posts\/123562","targetHints":{"allow":["GET"]}}],"collection":[{"href":"https:\/\/zjarr.tv\/sq\/wp-json\/wp\/v2\/posts"}],"about":[{"href":"https:\/\/zjarr.tv\/sq\/wp-json\/wp\/v2\/types\/post"}],"author":[{"embeddable":true,"href":"https:\/\/zjarr.tv\/sq\/wp-json\/wp\/v2\/users\/2013"}],"replies":[{"embeddable":true,"href":"https:\/\/zjarr.tv\/sq\/wp-json\/wp\/v2\/comments?post=123562"}],"version-history":[{"count":0,"href":"https:\/\/zjarr.tv\/sq\/wp-json\/wp\/v2\/posts\/123562\/revisions"}],"wp:featuredmedia":[{"embeddable":true,"href":"https:\/\/zjarr.tv\/sq\/wp-json\/wp\/v2\/media\/123563"}],"wp:attachment":[{"href":"https:\/\/zjarr.tv\/sq\/wp-json\/wp\/v2\/media?parent=123562"}],"wp:term":[{"taxonomy":"category","embeddable":true,"href":"https:\/\/zjarr.tv\/sq\/wp-json\/wp\/v2\/categories?post=123562"},{"taxonomy":"post_tag","embeddable":true,"href":"https:\/\/zjarr.tv\/sq\/wp-json\/wp\/v2\/tags?post=123562"}],"curies":[{"name":"wp","href":"https:\/\/api.w.org\/{rel}","templated":true}]}}