{"id":123567,"date":"2020-03-10T12:36:46","date_gmt":"2020-03-10T11:36:46","guid":{"rendered":"https:\/\/zjarr.tv\/?p=123567"},"modified":"2020-03-10T12:36:46","modified_gmt":"2020-03-10T11:36:46","slug":"rindertimi-yuri-kim-dhe-luigi-soreca-ne-kryeministri","status":"publish","type":"post","link":"https:\/\/zjarr.tv\/sq\/rindertimi-yuri-kim-dhe-luigi-soreca-ne-kryeministri\/","title":{"rendered":"Rind\u00ebrtimi, Yuri Kim dhe Luigi Soreca n\u00eb Kryeministri"},"content":{"rendered":"<p>M\u00ebngjesin e t\u00eb mart\u00ebs, Ambasadorja e SHBA n\u00eb Tiran\u00eb, Yuri Kim, ambasadori i BE Luigi Soreca si dhe ambasador\u00eb t\u00eb tjer\u00eb, kan\u00eb zhvilluar nj\u00eb takim n\u00eb Kryeministri. Sipas burimeve t\u00eb gazetares s\u00eb Ora Ne\u00ebs, Fjorela Beleshi raporton se q\u00ebllimi i takimit lidhet me rind\u00ebrtimin.<\/p>\n<p>Ambasdor\u00ebt m\u00ebsohet se kan\u00eb pasur takim me Komisionin Shtet\u00ebror t\u00eb Rind\u00ebrtimit. Ende nuk dihen detaje t\u00eb tjera lidhur me at\u00eb q\u00eb \u00ebsht\u00eb diskutuar p\u00ebr rind\u00ebrtimin.<\/p>\n<p>Kujtojm\u00eb se Bashkimi Europian, shtetet an\u00ebtare t\u00eb tij, SHBA dhe disa banka nd\u00ebrkomb\u00ebtare do t\u00eb jen\u00eb nd\u00ebr donator\u00ebt kryesor\u00eb t\u00eb Shqip\u00ebris\u00eb p\u00ebr rind\u00ebrtimin nga t\u00ebrmeti.<\/p>\n<p>Shuma e premtuar n\u00eb konferenc\u00ebn e rind\u00ebrtimit arriti vler\u00ebn e 1.15 miliard dollar\u00ebve, nd\u00ebrsa tashm\u00eb pritet se si dhe sa para do t\u00eb t\u00ebrheq Shqip\u00ebria nga k\u00ebto p\u00ebr procesin e rind\u00ebrtimit.<\/p>\n","protected":false},"excerpt":{"rendered":"<p>M\u00ebngjesin e t\u00eb mart\u00ebs, Ambasadorja e SHBA n\u00eb Tiran\u00eb, Yuri Kim, ambasadori i BE Luigi Soreca si dhe ambasador\u00eb t\u00eb tjer\u00eb, kan\u00eb zhvilluar nj\u00eb takim n\u00eb Kryeministri. Sipas burimeve t\u00eb gazetares s\u00eb Ora Ne\u00ebs, Fjorela Beleshi raporton se q\u00ebllimi i takimit lidhet me rind\u00ebrtimin. Ambasdor\u00ebt m\u00ebsohet se kan\u00eb pasur takim me Komisionin Shtet\u00ebror t\u00eb Rind\u00ebrtimit. [&hellip;]<\/p>\n","protected":false},"author":2013,"featured_media":123568,"comment_status":"open","ping_status":"closed","sticky":false,"template":"","format":"standard","meta":{"footnotes":""},"categories":[241,235],"tags":[],"class_list":{"0":"post-123567","1":"post","2":"type-post","3":"status-publish","4":"format-standard","5":"has-post-thumbnail","7":"category-aktualitet","8":"category-vendi"},"_links":{"self":[{"href":"https:\/\/zjarr.tv\/sq\/wp-json\/wp\/v2\/posts\/123567","targetHints":{"allow":["GET"]}}],"collection":[{"href":"https:\/\/zjarr.tv\/sq\/wp-json\/wp\/v2\/posts"}],"about":[{"href":"https:\/\/zjarr.tv\/sq\/wp-json\/wp\/v2\/types\/post"}],"author":[{"embeddable":true,"href":"https:\/\/zjarr.tv\/sq\/wp-json\/wp\/v2\/users\/2013"}],"replies":[{"embeddable":true,"href":"https:\/\/zjarr.tv\/sq\/wp-json\/wp\/v2\/comments?post=123567"}],"version-history":[{"count":0,"href":"https:\/\/zjarr.tv\/sq\/wp-json\/wp\/v2\/posts\/123567\/revisions"}],"wp:featuredmedia":[{"embeddable":true,"href":"https:\/\/zjarr.tv\/sq\/wp-json\/wp\/v2\/media\/123568"}],"wp:attachment":[{"href":"https:\/\/zjarr.tv\/sq\/wp-json\/wp\/v2\/media?parent=123567"}],"wp:term":[{"taxonomy":"category","embeddable":true,"href":"https:\/\/zjarr.tv\/sq\/wp-json\/wp\/v2\/categories?post=123567"},{"taxonomy":"post_tag","embeddable":true,"href":"https:\/\/zjarr.tv\/sq\/wp-json\/wp\/v2\/tags?post=123567"}],"curies":[{"name":"wp","href":"https:\/\/api.w.org\/{rel}","templated":true}]}}