{"id":123582,"date":"2020-03-10T13:14:33","date_gmt":"2020-03-10T12:14:33","guid":{"rendered":"https:\/\/zjarr.tv\/?p=123582"},"modified":"2020-03-10T13:14:33","modified_gmt":"2020-03-10T12:14:33","slug":"drejtori-i-urgjences-jemi-ne-fillimin-e-nje-pandemie-boterore-patjeter-do-kete-shtim-te-rasteve-me-koronavirus","status":"publish","type":"post","link":"https:\/\/zjarr.tv\/sq\/drejtori-i-urgjences-jemi-ne-fillimin-e-nje-pandemie-boterore-patjeter-do-kete-shtim-te-rasteve-me-koronavirus\/","title":{"rendered":"Drejtori i Urgjenc\u00ebs: Jemi n\u00eb fillimin e nj\u00eb pandemie bot\u00ebrore, patjet\u00ebr do ket\u00eb shtim t\u00eb rasteve me koronavirus"},"content":{"rendered":"<p>Drejtori i Urgjenc\u00ebs Komb\u00ebtare Sk\u00ebnder Brataj paralajm\u00ebroi se rastet me koronavirus pritet t\u00eb shtohen. Gjat\u00eb daljes n\u00eb konferenc\u00eb p\u00ebr mediat, ai tha se jemi n\u00eb prag t\u00eb nj\u00eb pandemie bot\u00ebrore dhe k\u00ebrkoi bashk\u00ebpunimin e qytetar\u00ebve p\u00ebr t\u00eb parandaluar p\u00ebrhapjen n\u00eb mas\u00eb.<\/p>\n<p>Sot ministria e Shendetesise raportoi p\u00ebr 10 raste pozitive te koronavirusit.<\/p>\n<p>Brataj tha gjithashtu se 90% e rasteve q\u00eb shfaqin simtoma kurohen n\u00eb sht\u00ebpi.<\/p>\n<p><strong>Sk\u00ebnder Brataj:<\/strong>\u00a0<em>\u00cbsht\u00eb normale t\u00eb ket\u00eb shqet\u00ebsim, t\u00eb ket\u00eb panik. \u00cbsht\u00eb detyra jon\u00eb t\u00eb informojm\u00eb \u00e7do qytetar. Nuk fshihem, patjet\u00ebr q\u00eb do t\u00eb ket\u00eb rritje t\u00eb numrit t\u00eb personave, jemi n\u00eb \u00a0fillimin e nj\u00eb pamdemie bot\u00ebrore. Jan\u00eb disa gj\u00ebra q\u00eb ne i njohim. \u00cbsht\u00eb trefishuar numri i njer\u00ebzve q\u00eb marrin urgjenc\u00ebn. 83% e njer\u00ebzve nuk shfaqin simptoma dhe mbi 90% e rasteve q\u00eb shfaqin simptoma kurohen n\u00eb sht\u00ebpi. Ne duam bashk\u00ebpunim dhe mir\u00ebkuptim ti p\u00ebrgjigjmi k\u00ebsaj situate. Duhet t\u00eb t\u00eb jemi t\u00eb nd\u00ebrgjegjsh\u00ebm, t\u00eb q\u00ebndrojm\u00eb n\u00eb sht\u00ebpi. E parandaloi Kina, i mori masat Italia.<\/em><\/p>\n<p>Ai tha m\u00eb tej se t\u00eb gjith\u00eb qytetar\u00ebt duhet t`u p\u00ebrgjigjen apelit t\u00eb mjek\u00ebve lidhur me masat parandaluese. Brataj theksoi se qytetar\u00ebt duhet t\u00eb telefonojn\u00eb n\u00eb numrin e urgjenc\u00ebs, 127, dhe aty do t\u00eb informohen p\u00ebr \u00e7do gj\u00eb.<\/p>\n<p><strong>Sk\u00ebnder Brataj:<\/strong>\u00a0<em>Nuk ka rrug\u00eb tjet\u00ebr, nuk \u00ebsht\u00eb vet\u00ebm forca dhe ligji. Duhet t\u00eb izolojm\u00eb kontaktet. Edhe un\u00eb nuk e di n\u00ebse jam apo jo i infektuar. E pam\u00eb dhe n\u00eb Itali q\u00eb nj\u00eb nga politikan\u00ebt ishte i infektuar. \u00cbsht\u00eb betej\u00eb q\u00eb duke ndjekur rregullat mund ta fitojm\u00eb. T\u00eb gjitha statistikat e kan\u00eb sjell\u00eb q\u00eb 95% p\u00ebr qind sh\u00ebrohen. Sa m\u00eb mir\u00eb ti p\u00ebrgjigjemi apeleve tona. 127 do t`u japi informacionet dhe mb\u00ebshtetjen, por jo n\u00eb spital. \u00cbsht\u00eb e nj\u00ebjta gj\u00eb si\u00e7 na ndodh sezoni i gripit \u00e7do vit. Sot do t\u00eb mblidhet komiteti p\u00ebr masat e m\u00ebtejshme. Nuk ka mjekim p\u00ebr njer\u00ebz simptomatik edhe pse jan\u00eb pozitiv me koronavirusin. Ka mjekim vet\u00ebm p\u00ebr personat simptomatik.<\/em><\/p>\n","protected":false},"excerpt":{"rendered":"<p>Drejtori i Urgjenc\u00ebs Komb\u00ebtare Sk\u00ebnder Brataj paralajm\u00ebroi se rastet me koronavirus pritet t\u00eb shtohen. Gjat\u00eb daljes n\u00eb konferenc\u00eb p\u00ebr mediat, ai tha se jemi n\u00eb prag t\u00eb nj\u00eb pandemie bot\u00ebrore dhe k\u00ebrkoi bashk\u00ebpunimin e qytetar\u00ebve p\u00ebr t\u00eb parandaluar p\u00ebrhapjen n\u00eb mas\u00eb. Sot ministria e Shendetesise raportoi p\u00ebr 10 raste pozitive te koronavirusit. Brataj tha gjithashtu [&hellip;]<\/p>\n","protected":false},"author":2013,"featured_media":123580,"comment_status":"open","ping_status":"closed","sticky":false,"template":"","format":"standard","meta":{"footnotes":""},"categories":[241,235],"tags":[],"class_list":{"0":"post-123582","1":"post","2":"type-post","3":"status-publish","4":"format-standard","5":"has-post-thumbnail","7":"category-aktualitet","8":"category-vendi"},"_links":{"self":[{"href":"https:\/\/zjarr.tv\/sq\/wp-json\/wp\/v2\/posts\/123582","targetHints":{"allow":["GET"]}}],"collection":[{"href":"https:\/\/zjarr.tv\/sq\/wp-json\/wp\/v2\/posts"}],"about":[{"href":"https:\/\/zjarr.tv\/sq\/wp-json\/wp\/v2\/types\/post"}],"author":[{"embeddable":true,"href":"https:\/\/zjarr.tv\/sq\/wp-json\/wp\/v2\/users\/2013"}],"replies":[{"embeddable":true,"href":"https:\/\/zjarr.tv\/sq\/wp-json\/wp\/v2\/comments?post=123582"}],"version-history":[{"count":0,"href":"https:\/\/zjarr.tv\/sq\/wp-json\/wp\/v2\/posts\/123582\/revisions"}],"wp:featuredmedia":[{"embeddable":true,"href":"https:\/\/zjarr.tv\/sq\/wp-json\/wp\/v2\/media\/123580"}],"wp:attachment":[{"href":"https:\/\/zjarr.tv\/sq\/wp-json\/wp\/v2\/media?parent=123582"}],"wp:term":[{"taxonomy":"category","embeddable":true,"href":"https:\/\/zjarr.tv\/sq\/wp-json\/wp\/v2\/categories?post=123582"},{"taxonomy":"post_tag","embeddable":true,"href":"https:\/\/zjarr.tv\/sq\/wp-json\/wp\/v2\/tags?post=123582"}],"curies":[{"name":"wp","href":"https:\/\/api.w.org\/{rel}","templated":true}]}}