{"id":123584,"date":"2020-03-10T13:18:55","date_gmt":"2020-03-10T12:18:55","guid":{"rendered":"https:\/\/zjarr.tv\/?p=123584"},"modified":"2020-03-10T13:18:55","modified_gmt":"2020-03-10T12:18:55","slug":"shahini-publikon-udhezuesin-si-do-zhvillohet-mesimi-ne-kushte-shtepie","status":"publish","type":"post","link":"https:\/\/zjarr.tv\/sq\/shahini-publikon-udhezuesin-si-do-zhvillohet-mesimi-ne-kushte-shtepie\/","title":{"rendered":"Shahini publikon udh\u00ebzuesin: Si do zhvillohet m\u00ebsimi n\u00eb kushte sht\u00ebpie"},"content":{"rendered":"<p>Ministrja e Arsimit, Besa Shahini, ka publikuar n\u00eb \u201cFacebook\u201d udh\u00ebzuesin p\u00ebr zhvillimin e m\u00ebsimit n\u00ebp\u00ebr sht\u00ebpi, pas mbylljes s\u00eb shkollave prej dit\u00ebs s\u00eb djeshme, p\u00ebr shkak t\u00eb mb\u00ebrritjes s\u00eb koronavirusit n\u00eb Shqip\u00ebri.<\/p>\n<p>Ministrja Shahini thekson se ky udh\u00ebzues do t\u00eb orientoj\u00eb t\u00eb gjith\u00eb m\u00ebsuesit, nx\u00ebn\u00ebsit dhe prind\u00ebrit p\u00ebr k\u00ebt\u00eb periudh\u00eb dyjavore, kur do t\u00eb krijohen klasat virtuale.<\/p>\n<p><a href=\"https:\/\/arsimi.gov.al\/wp-content\/uploads\/2020\/03\/Udhezues-per-dy-javet-e-pezullimit-te-mesimit_Mars-20201.pdf\">https:\/\/arsimi.gov.al\/wp-content\/uploads\/2020\/03\/Udhezues-per-dy-javet-e-pezullimit-te-mesimit_Mars-20201.pdf<\/a><\/p>\n<p><iframe loading=\"lazy\" src=\"https:\/\/www.facebook.com\/plugins\/post.php?href=https%3A%2F%2Fwww.facebook.com%2Fshahinibesa%2Fposts%2F2520160311574400&amp;width=500\" width=\"500\" height=\"516\" frameborder=\"0\" scrolling=\"no\" data-mce-fragment=\"1\"><\/iframe><\/p>\n","protected":false},"excerpt":{"rendered":"<p>Ministrja e Arsimit, Besa Shahini, ka publikuar n\u00eb \u201cFacebook\u201d udh\u00ebzuesin p\u00ebr zhvillimin e m\u00ebsimit n\u00ebp\u00ebr sht\u00ebpi, pas mbylljes s\u00eb shkollave prej dit\u00ebs s\u00eb djeshme, p\u00ebr shkak t\u00eb mb\u00ebrritjes s\u00eb koronavirusit n\u00eb Shqip\u00ebri. Ministrja Shahini thekson se ky udh\u00ebzues do t\u00eb orientoj\u00eb t\u00eb gjith\u00eb m\u00ebsuesit, nx\u00ebn\u00ebsit dhe prind\u00ebrit p\u00ebr k\u00ebt\u00eb periudh\u00eb dyjavore, kur do t\u00eb krijohen [&hellip;]<\/p>\n","protected":false},"author":2013,"featured_media":66623,"comment_status":"open","ping_status":"closed","sticky":false,"template":"","format":"standard","meta":{"footnotes":""},"categories":[241,235],"tags":[],"class_list":{"0":"post-123584","1":"post","2":"type-post","3":"status-publish","4":"format-standard","5":"has-post-thumbnail","7":"category-aktualitet","8":"category-vendi"},"_links":{"self":[{"href":"https:\/\/zjarr.tv\/sq\/wp-json\/wp\/v2\/posts\/123584","targetHints":{"allow":["GET"]}}],"collection":[{"href":"https:\/\/zjarr.tv\/sq\/wp-json\/wp\/v2\/posts"}],"about":[{"href":"https:\/\/zjarr.tv\/sq\/wp-json\/wp\/v2\/types\/post"}],"author":[{"embeddable":true,"href":"https:\/\/zjarr.tv\/sq\/wp-json\/wp\/v2\/users\/2013"}],"replies":[{"embeddable":true,"href":"https:\/\/zjarr.tv\/sq\/wp-json\/wp\/v2\/comments?post=123584"}],"version-history":[{"count":0,"href":"https:\/\/zjarr.tv\/sq\/wp-json\/wp\/v2\/posts\/123584\/revisions"}],"wp:featuredmedia":[{"embeddable":true,"href":"https:\/\/zjarr.tv\/sq\/wp-json\/wp\/v2\/media\/66623"}],"wp:attachment":[{"href":"https:\/\/zjarr.tv\/sq\/wp-json\/wp\/v2\/media?parent=123584"}],"wp:term":[{"taxonomy":"category","embeddable":true,"href":"https:\/\/zjarr.tv\/sq\/wp-json\/wp\/v2\/categories?post=123584"},{"taxonomy":"post_tag","embeddable":true,"href":"https:\/\/zjarr.tv\/sq\/wp-json\/wp\/v2\/tags?post=123584"}],"curies":[{"name":"wp","href":"https:\/\/api.w.org\/{rel}","templated":true}]}}