{"id":123588,"date":"2020-03-10T14:29:02","date_gmt":"2020-03-10T13:29:02","guid":{"rendered":"https:\/\/zjarr.tv\/?p=123588"},"modified":"2020-03-10T14:29:02","modified_gmt":"2020-03-10T13:29:02","slug":"per-emigrantet-ne-itali-cfare-mund-te-beni-dhe-cfare-eshte-e-ndaluar-deri-ne-3-prill","status":"publish","type":"post","link":"https:\/\/zjarr.tv\/sq\/per-emigrantet-ne-itali-cfare-mund-te-beni-dhe-cfare-eshte-e-ndaluar-deri-ne-3-prill\/","title":{"rendered":"P\u00ebr emigrant\u00ebt n\u00eb Itali, \u00e7far\u00eb mund t\u00eb b\u00ebni dhe \u00e7far\u00eb \u00ebsht\u00eb e ndaluar deri n\u00eb 3 prill"},"content":{"rendered":"<p><em>P\u00ebr t\u00eb p\u00ebrballuar emergjenc\u00ebn e koronavirusit, qeveria Conte ka vendosur \u00a0shtrirjen e &#8220;zon\u00ebs s\u00eb kontrollit t\u00eb p\u00ebrforcuar&#8221; n\u00eb t\u00eb gjith\u00eb Italin\u00eb , mas\u00eb kjo q\u00eb fillimisht ishte marrr\u00eb vet\u00ebm p\u00ebr Lombardin\u00eb dhe 14 provincat e tjera veriore nat\u00ebn midis t\u00eb shtun\u00ebs dhe t\u00eb diel\u00ebs. N\u00eb \u00a0dekretin &#8220;Un\u00eb q\u00ebndroj n\u00eb sht\u00ebpi&#8221; nuk ka asnj\u00eb ndalim t\u00eb qart\u00eb p\u00ebr t\u00eb dal\u00eb nga sht\u00ebpia, por lejohet vet\u00ebm p\u00ebr nevoja pune, sh\u00ebndet\u00ebsore ose jetese. P\u00ebr ta qart\u00ebsuar m\u00eb mir\u00eb at\u00eb q\u00eb po ndodh k\u00ebtu jan\u00eb p\u00ebrgjigjet e pyetjeve q\u00eb mund t\u00eb b\u00ebj\u00eb \u00e7do shqiptar q\u00eb jeton n\u00eb Itali.<\/em><\/p>\n<p><strong>A duhet t\u00eb q\u00ebndroj i izoluar n\u00eb sht\u00ebpi dhe t\u00eb mos dal m\u00eb p\u00ebr nj\u00eb muaj?<\/strong><\/p>\n<p>Dekreti thot\u00eb q\u00eb ju mund t\u00eb dilni vet\u00ebm p\u00ebr pun\u00eb, nevoja sh\u00ebndet\u00ebsore apo nevoja t\u00eb tjera t\u00eb r\u00ebnd\u00ebsishme. N\u00ebse dilni nga sht\u00ebpia \u00e7\u00ebshtje sh\u00ebndet\u00ebsore apo sepse do t\u00eb b\u00ebni pazar, duhet t\u00eb vet\u00eb-v\u00ebrtetoni arsyen.<\/p>\n<p><strong>A ekziston nj\u00eb form\u00eb vet\u00eb-\u00e7ertifikimi?<\/strong><\/p>\n<p>Po, klikoni k\u00ebtu p\u00ebr ta shkarkuar at\u00eb<\/p>\n<p><strong>A duhet t\u00eb vrapoj n\u00eb supermarket sepse rrezikoj t\u00eb mbetem pa ushqime?<\/strong><\/p>\n<p>Absolutisht jo. Supermarkete nuk mbyllen. Kamion\u00ebt q\u00eb furnizojn\u00eb supermarketet mund t\u00eb qarkullojn\u00eb gjithmon\u00eb, k\u00ebshtu q\u00eb nuk ka asnj\u00eb problem. M\u00ebsymja drejt supermarketeve \u00ebsht\u00eb nj\u00eb veprim i pap\u00ebrgjegjsh\u00ebm.<\/p>\n<p><strong>A mund t\u00eb dal p\u00ebr t\u00eb punuar jasht\u00eb bashkis\u00eb time?<\/strong><\/p>\n<p>Po, por mbani vet\u00eb-\u00e7ertifikimin ose nj\u00eb deklarat\u00eb nga pun\u00ebdh\u00ebn\u00ebsi juaj n\u00eb xhep, ku thuhet se duhet t\u00eb l\u00ebvizni p\u00ebr t\u00eb shkuar n\u00eb vendin tuaj t\u00eb pun\u00ebs ose jeni jasht\u00eb p\u00ebr angazhime t\u00eb tjera pune. N\u00ebse nuk e b\u00ebni k\u00ebt\u00eb do t\u00eb p\u00ebrballeni me nd\u00ebshkime.<\/p>\n<p><strong>A mund t\u00eb dal p\u00ebr t\u00eb ndihmuar prind\u00ebrit ose t\u00eb af\u00ebrmit e moshuar?<\/strong><\/p>\n<p>Sigurisht, \u00ebsht\u00eb nj\u00eb kusht i domosdosh\u00ebm.<\/p>\n<p><strong>A mund t\u00eb shkoj p\u00ebr nj\u00eb ekzaminim mjek\u00ebsor edhe jasht\u00eb qytetit tim?<\/strong><\/p>\n<p>Po, k\u00ebto jan\u00eb arsye sh\u00ebndet\u00ebsore.<\/p>\n<p><strong>A mund t\u00eb shkoj n\u00eb farmaci?<\/strong><\/p>\n<p>Sigurisht, n\u00ebse \u00ebsht\u00eb e nevojshme p\u00ebr t\u00eb gjetur ila\u00e7e ose produkte thelb\u00ebsore.<\/p>\n<p><strong>Un\u00eb jam jasht\u00eb bashkis\u00eb time p\u00ebr pun\u00eb, a mund t\u00eb kthehem n\u00eb sht\u00ebpin\u00eb apo vendbanimin tim?<\/strong><\/p>\n<p>Sigurisht, dekreti e parashikon at\u00eb.<\/p>\n<p><strong>A mund t\u00eb shkoj n\u00eb nj\u00eb zyr\u00eb komunale p\u00ebr nj\u00eb certifikat\u00eb? A mund t\u00eb paguaj nj\u00eb fatur\u00eb?<\/strong><\/p>\n<p>T\u00eb gjitha sh\u00ebrbimet publike jan\u00eb t\u00eb garantuara, madje edhe zyrat postare. Mos harroni: shkoni vet\u00ebm n\u00ebse \u00ebsht\u00eb thelb\u00ebsore dhe n\u00ebse shkoni n\u00eb nj\u00eb zyr\u00eb gjithmon\u00eb respektoni distanc\u00ebn e siguris\u00eb.<\/p>\n<p><strong>A vazhdon transporti publik? A mund ta p\u00ebrdor?<\/strong><\/p>\n<p>Ata qarkullojn\u00eb rregullisht. Kushtojini v\u00ebmendje distancave (t\u00eb pakt\u00ebn nj\u00eb met\u00ebr) dhe menj\u00ebher\u00eb lani duart mir\u00eb ose p\u00ebrdorni xhel antibakterial.<\/p>\n<p><strong>A mund t\u00eb shkoj tek miqt\u00eb \/ t\u00eb af\u00ebrmit e mi p\u00ebr drek\u00eb n\u00eb sht\u00ebpi?<\/strong><\/p>\n<p>Ky nuk \u00ebsht\u00eb nj\u00eb veprim i domosdosh\u00ebm dhe nuk lejohet. Turmat e njer\u00ebzve duhet t\u00eb shmangen p\u00ebr t\u00eb ndaluar \u00e7do infeksion t\u00eb mundsh\u00ebm.<\/p>\n<p><strong>A mund t\u00eb dal p\u00ebr t\u00eb takuar miq n\u00eb bar apo n\u00eb shesh?<\/strong><\/p>\n<p>Dekreti ndalon t\u00eb gjitha llojet e tubimeve n\u00eb vendet publike brenda dhe jasht\u00eb. Baret jan\u00eb t\u00eb hapura deri n\u00eb or\u00ebn 6 pasdite n\u00ebse doni t\u00eb pini kafe ose di\u00e7ka tjet\u00ebr nd\u00ebrsa jeni jasht\u00eb p\u00ebr arsyet e parashikuara nga dekreti. Por q\u00ebndroni n\u00eb nj\u00eb distanc\u00eb t\u00eb sigurt nga njer\u00ebzit e tjer\u00eb.<\/p>\n<p><strong>A mund t\u00eb blej?<\/strong><\/p>\n<p>Dyqanet mbeten t\u00eb hapura (megjith\u00ebse disa spontanisht vendos\u00ebn t\u00eb mbyllen sepse nuk shesin produkte themelore). Qendrat tregtare mbyllen fundjavave p\u00ebr t\u00eb shmangur turmat.<\/p>\n<p><strong>A mund t\u00eb nxjerr qenin p\u00ebr sh\u00ebtitje?<\/strong><\/p>\n<p>Po, n\u00ebse \u00ebsht\u00eb nj\u00eb domosdoshm\u00ebri, por q\u00ebndroni larg njer\u00ebzve q\u00eb mund t\u00eb takoni gjat\u00eb rrug\u00ebs. Shmangni shtr\u00ebngimet e duarve, puthjet dhe p\u00ebrqafimet.<\/p>\n<p><strong>A mund t\u00eb ushtroj sport?<\/strong><\/p>\n<p>Palestrat dhe pishinat jan\u00eb t\u00eb mbyllura, aktivitetet sportive ose motorike lejohen vet\u00ebm jasht\u00eb. N\u00ebse e b\u00ebni at\u00eb, mos e b\u00ebni n\u00eb grup.<\/p>\n<p><strong>A mund t\u00eb shkoj n\u00eb mesh\u00eb?<\/strong><\/p>\n<p>Jo, sh\u00ebrbimet fetare jan\u00eb pezulluar. Por kishat duhet t&#8217;i gjeni t\u00eb hapura dhe mund t\u00eb luteni, duke q\u00ebndruar t\u00eb pakt\u00ebn nj\u00eb met\u00ebr larg nga predikuesi tjet\u00ebr fetar.<\/p>\n<p><strong>Mund t\u00eb shkoj n\u00eb kinema?<\/strong><\/p>\n<p>Jo, kinemat\u00eb jan\u00eb mbyllur n\u00eb t\u00eb gjith\u00eb Italin\u00eb deri n\u00eb 3 Prill, sikund\u00ebr muzet\u00eb dhe teatrot.<\/p>\n","protected":false},"excerpt":{"rendered":"<p>P\u00ebr t\u00eb p\u00ebrballuar emergjenc\u00ebn e koronavirusit, qeveria Conte ka vendosur \u00a0shtrirjen e &#8220;zon\u00ebs s\u00eb kontrollit t\u00eb p\u00ebrforcuar&#8221; n\u00eb t\u00eb gjith\u00eb Italin\u00eb , mas\u00eb kjo q\u00eb fillimisht ishte marrr\u00eb vet\u00ebm p\u00ebr Lombardin\u00eb dhe 14 provincat e tjera veriore nat\u00ebn midis t\u00eb shtun\u00ebs dhe t\u00eb diel\u00ebs. N\u00eb \u00a0dekretin &#8220;Un\u00eb q\u00ebndroj n\u00eb sht\u00ebpi&#8221; nuk ka asnj\u00eb ndalim t\u00eb [&hellip;]<\/p>\n","protected":false},"author":2013,"featured_media":123589,"comment_status":"open","ping_status":"closed","sticky":false,"template":"","format":"standard","meta":{"footnotes":""},"categories":[241,235],"tags":[],"class_list":{"0":"post-123588","1":"post","2":"type-post","3":"status-publish","4":"format-standard","5":"has-post-thumbnail","7":"category-aktualitet","8":"category-vendi"},"_links":{"self":[{"href":"https:\/\/zjarr.tv\/sq\/wp-json\/wp\/v2\/posts\/123588","targetHints":{"allow":["GET"]}}],"collection":[{"href":"https:\/\/zjarr.tv\/sq\/wp-json\/wp\/v2\/posts"}],"about":[{"href":"https:\/\/zjarr.tv\/sq\/wp-json\/wp\/v2\/types\/post"}],"author":[{"embeddable":true,"href":"https:\/\/zjarr.tv\/sq\/wp-json\/wp\/v2\/users\/2013"}],"replies":[{"embeddable":true,"href":"https:\/\/zjarr.tv\/sq\/wp-json\/wp\/v2\/comments?post=123588"}],"version-history":[{"count":0,"href":"https:\/\/zjarr.tv\/sq\/wp-json\/wp\/v2\/posts\/123588\/revisions"}],"wp:featuredmedia":[{"embeddable":true,"href":"https:\/\/zjarr.tv\/sq\/wp-json\/wp\/v2\/media\/123589"}],"wp:attachment":[{"href":"https:\/\/zjarr.tv\/sq\/wp-json\/wp\/v2\/media?parent=123588"}],"wp:term":[{"taxonomy":"category","embeddable":true,"href":"https:\/\/zjarr.tv\/sq\/wp-json\/wp\/v2\/categories?post=123588"},{"taxonomy":"post_tag","embeddable":true,"href":"https:\/\/zjarr.tv\/sq\/wp-json\/wp\/v2\/tags?post=123588"}],"curies":[{"name":"wp","href":"https:\/\/api.w.org\/{rel}","templated":true}]}}