{"id":123591,"date":"2020-03-10T14:59:20","date_gmt":"2020-03-10T13:59:20","guid":{"rendered":"https:\/\/zjarr.tv\/?p=123591"},"modified":"2020-03-10T14:59:20","modified_gmt":"2020-03-10T13:59:20","slug":"apeli-i-metes-angazhoni-dhe-profesioniste-jashte-sherbimit-aktiv","status":"publish","type":"post","link":"https:\/\/zjarr.tv\/sq\/apeli-i-metes-angazhoni-dhe-profesioniste-jashte-sherbimit-aktiv\/","title":{"rendered":"Apeli i Met\u00ebs: Angazhoni dhe profesionist\u00eb jasht\u00eb sh\u00ebrbimit aktiv"},"content":{"rendered":"<p>Presidenti Ilir Meta b\u00ebn thirrje p\u00ebr angazhimin dhe t\u00eb profesionist\u00ebve jsaht\u00eb sh\u00ebrbimit sh\u00ebndet\u00ebsor aktiv p\u00ebr p\u00ebrballimin e k\u00ebsaj epidemie t\u00eb koronavirusit.<\/p>\n<p>\u201cP\u00ebrballimi me sukses dhe p\u00ebrgjegjshm\u00ebri, k\u00ebrkon pik\u00ebrisht p\u00ebrfshirjen e profesionist\u00ebve m\u00eb t\u00eb mir\u00eb t\u00eb vendit edhe jasht\u00eb sh\u00ebrbimit aktiv sh\u00ebndet\u00ebsor. Bashkimi b\u00ebn fuqin\u00eb\u201d shkruan Meta.<\/p>\n<p>Nd\u00ebrsa bashkangjit dhe nj\u00eb shkrim t\u00eb doktorit t\u00eb njohur Isuf Kalo i cili ofrohet i gatshem per te kontribuar.<\/p>\n<p>Dje n\u00eb nj\u00eb deklarat\u00eb p\u00ebr median presidenti Ilir Meta b\u00ebri thirrje p\u00ebr gjetjen e fondeve q\u00eb do t\u00eb sigurojn\u00eb pajisjet e domosdoshme p\u00ebr mjek\u00ebt si dhe gjithashtu deklaroi se do t\u00eb ngrinte nj\u00eb task force.<\/p>\n","protected":false},"excerpt":{"rendered":"<p>Presidenti Ilir Meta b\u00ebn thirrje p\u00ebr angazhimin dhe t\u00eb profesionist\u00ebve jsaht\u00eb sh\u00ebrbimit sh\u00ebndet\u00ebsor aktiv p\u00ebr p\u00ebrballimin e k\u00ebsaj epidemie t\u00eb koronavirusit. \u201cP\u00ebrballimi me sukses dhe p\u00ebrgjegjshm\u00ebri, k\u00ebrkon pik\u00ebrisht p\u00ebrfshirjen e profesionist\u00ebve m\u00eb t\u00eb mir\u00eb t\u00eb vendit edhe jasht\u00eb sh\u00ebrbimit aktiv sh\u00ebndet\u00ebsor. Bashkimi b\u00ebn fuqin\u00eb\u201d shkruan Meta. Nd\u00ebrsa bashkangjit dhe nj\u00eb shkrim t\u00eb doktorit t\u00eb njohur [&hellip;]<\/p>\n","protected":false},"author":2013,"featured_media":122090,"comment_status":"open","ping_status":"closed","sticky":false,"template":"","format":"standard","meta":{"footnotes":""},"categories":[241,235],"tags":[],"class_list":{"0":"post-123591","1":"post","2":"type-post","3":"status-publish","4":"format-standard","5":"has-post-thumbnail","7":"category-aktualitet","8":"category-vendi"},"_links":{"self":[{"href":"https:\/\/zjarr.tv\/sq\/wp-json\/wp\/v2\/posts\/123591","targetHints":{"allow":["GET"]}}],"collection":[{"href":"https:\/\/zjarr.tv\/sq\/wp-json\/wp\/v2\/posts"}],"about":[{"href":"https:\/\/zjarr.tv\/sq\/wp-json\/wp\/v2\/types\/post"}],"author":[{"embeddable":true,"href":"https:\/\/zjarr.tv\/sq\/wp-json\/wp\/v2\/users\/2013"}],"replies":[{"embeddable":true,"href":"https:\/\/zjarr.tv\/sq\/wp-json\/wp\/v2\/comments?post=123591"}],"version-history":[{"count":0,"href":"https:\/\/zjarr.tv\/sq\/wp-json\/wp\/v2\/posts\/123591\/revisions"}],"wp:featuredmedia":[{"embeddable":true,"href":"https:\/\/zjarr.tv\/sq\/wp-json\/wp\/v2\/media\/122090"}],"wp:attachment":[{"href":"https:\/\/zjarr.tv\/sq\/wp-json\/wp\/v2\/media?parent=123591"}],"wp:term":[{"taxonomy":"category","embeddable":true,"href":"https:\/\/zjarr.tv\/sq\/wp-json\/wp\/v2\/categories?post=123591"},{"taxonomy":"post_tag","embeddable":true,"href":"https:\/\/zjarr.tv\/sq\/wp-json\/wp\/v2\/tags?post=123591"}],"curies":[{"name":"wp","href":"https:\/\/api.w.org\/{rel}","templated":true}]}}