{"id":123593,"date":"2020-03-10T15:00:57","date_gmt":"2020-03-10T14:00:57","guid":{"rendered":"https:\/\/zjarr.tv\/?p=123593"},"modified":"2020-03-10T15:00:57","modified_gmt":"2020-03-10T14:00:57","slug":"leje-2-javore-per-nje-nga-prinderit-qe-kane-femije-te-vegjel","status":"publish","type":"post","link":"https:\/\/zjarr.tv\/sq\/leje-2-javore-per-nje-nga-prinderit-qe-kane-femije-te-vegjel\/","title":{"rendered":"Leje 2 javore p\u00ebr nj\u00eb nga prind\u00ebrit q\u00eb kan\u00eb f\u00ebmij\u00eb t\u00eb vegj\u00ebl"},"content":{"rendered":"<p>Pas vendimit p\u00ebr mbylljen e institucioneve arsimore, qeveria do t\u00eb jap\u00eb leje dyjavore p\u00ebr nj\u00ebrin prej prind\u00ebrve, t\u00eb cil\u00ebt kan\u00eb f\u00ebmij\u00eb t\u00eb vegj\u00ebl n\u00eb sht\u00ebpi.<\/p>\n<p>Vendimi i qeveris\u00eb \u00ebsht\u00eb gati dhe do t\u00eb jet\u00eb i vlefsh\u00ebm p\u00ebr sektorin publik dhe privat.<\/p>\n<p>T\u00eb h\u00ebn\u00ebn, qeveria vendosi mbylljen e t\u00eb gjitha institucioneve arsimore n\u00eb vend deri me dat\u00ebn 23 mars, si mas\u00eb paraprake kund\u00ebr p\u00ebrhapjes s\u00eb koronavirusit.<\/p>\n<p>Deri tani n\u00eb vendin ton\u00eb jan\u00eb konfirmuar 10 persona t\u00eb infektuar, tre jan\u00eb t\u00eb shtruar te Infektivi n\u00eb Tiran\u00eb, nj\u00eb n\u00eb spitalin e Durr\u00ebsit dhe 6 t\u00eb tjer\u00eb jan\u00eb vendosur n\u00eb vet\u00ebkarantin\u00eb.<\/p>\n","protected":false},"excerpt":{"rendered":"<p>Pas vendimit p\u00ebr mbylljen e institucioneve arsimore, qeveria do t\u00eb jap\u00eb leje dyjavore p\u00ebr nj\u00ebrin prej prind\u00ebrve, t\u00eb cil\u00ebt kan\u00eb f\u00ebmij\u00eb t\u00eb vegj\u00ebl n\u00eb sht\u00ebpi. Vendimi i qeveris\u00eb \u00ebsht\u00eb gati dhe do t\u00eb jet\u00eb i vlefsh\u00ebm p\u00ebr sektorin publik dhe privat. T\u00eb h\u00ebn\u00ebn, qeveria vendosi mbylljen e t\u00eb gjitha institucioneve arsimore n\u00eb vend deri me [&hellip;]<\/p>\n","protected":false},"author":2013,"featured_media":123594,"comment_status":"open","ping_status":"closed","sticky":false,"template":"","format":"standard","meta":{"footnotes":""},"categories":[241,235],"tags":[],"class_list":{"0":"post-123593","1":"post","2":"type-post","3":"status-publish","4":"format-standard","5":"has-post-thumbnail","7":"category-aktualitet","8":"category-vendi"},"_links":{"self":[{"href":"https:\/\/zjarr.tv\/sq\/wp-json\/wp\/v2\/posts\/123593","targetHints":{"allow":["GET"]}}],"collection":[{"href":"https:\/\/zjarr.tv\/sq\/wp-json\/wp\/v2\/posts"}],"about":[{"href":"https:\/\/zjarr.tv\/sq\/wp-json\/wp\/v2\/types\/post"}],"author":[{"embeddable":true,"href":"https:\/\/zjarr.tv\/sq\/wp-json\/wp\/v2\/users\/2013"}],"replies":[{"embeddable":true,"href":"https:\/\/zjarr.tv\/sq\/wp-json\/wp\/v2\/comments?post=123593"}],"version-history":[{"count":0,"href":"https:\/\/zjarr.tv\/sq\/wp-json\/wp\/v2\/posts\/123593\/revisions"}],"wp:featuredmedia":[{"embeddable":true,"href":"https:\/\/zjarr.tv\/sq\/wp-json\/wp\/v2\/media\/123594"}],"wp:attachment":[{"href":"https:\/\/zjarr.tv\/sq\/wp-json\/wp\/v2\/media?parent=123593"}],"wp:term":[{"taxonomy":"category","embeddable":true,"href":"https:\/\/zjarr.tv\/sq\/wp-json\/wp\/v2\/categories?post=123593"},{"taxonomy":"post_tag","embeddable":true,"href":"https:\/\/zjarr.tv\/sq\/wp-json\/wp\/v2\/tags?post=123593"}],"curies":[{"name":"wp","href":"https:\/\/api.w.org\/{rel}","templated":true}]}}