{"id":123596,"date":"2020-03-10T15:02:13","date_gmt":"2020-03-10T14:02:13","guid":{"rendered":"https:\/\/zjarr.tv\/?p=123596"},"modified":"2020-03-10T15:02:13","modified_gmt":"2020-03-10T14:02:13","slug":"e-ze-korenti-humb-jeten-punetori-i-mirembajtjes-se-rrugeve-ne-baldushk","status":"publish","type":"post","link":"https:\/\/zjarr.tv\/sq\/e-ze-korenti-humb-jeten-punetori-i-mirembajtjes-se-rrugeve-ne-baldushk\/","title":{"rendered":"E z\u00eb korenti, humb jet\u00ebn pun\u00ebtori i mir\u00ebmbajtjes s\u00eb rrug\u00ebve n\u00eb Baldushk"},"content":{"rendered":"<p>Nj\u00eb pun\u00ebtor i mir\u00ebmbajtjes s\u00eb rrug\u00ebve n\u00eb Nj\u00ebsin\u00eb Administrative Baldushk ka gjetur vdekjen si pasoj\u00eb e kontaktit me energjin\u00eb elektrike. Ngjarja ka ndodhur rreth or\u00ebs 12:45.<\/p>\n<p><em>&#8220;N\u00eb Qendr\u00ebn Sh\u00ebndet\u00ebsore n\u00eb Baldushk \u00ebsht\u00eb d\u00ebrguar pa shenja jete shtetasi H. M., rreth 60 vje\u00e7, mir\u00ebmbajt\u00ebs i rrug\u00ebve n\u00eb Nj\u00ebsin\u00eb Administrative Baldushk, i cili gjat\u00eb koh\u00ebs q\u00eb ka qen\u00eb duke punuar n\u00eb fshatin Vrap, ka r\u00ebn\u00eb n\u00eb kontakt me rrym\u00ebn elektrike dhe p\u00ebr pasoj\u00eb ka nd\u00ebrruar jet\u00eb&#8221;.<\/em><\/p>\n<p>Grupi hetimor ndodhet n\u00eb vendngjarje dhe vijon pun\u00ebn p\u00ebr zbardhjen e rrethanave t\u00eb ngjarjes.<\/p>\n","protected":false},"excerpt":{"rendered":"<p>Nj\u00eb pun\u00ebtor i mir\u00ebmbajtjes s\u00eb rrug\u00ebve n\u00eb Nj\u00ebsin\u00eb Administrative Baldushk ka gjetur vdekjen si pasoj\u00eb e kontaktit me energjin\u00eb elektrike. Ngjarja ka ndodhur rreth or\u00ebs 12:45. &#8220;N\u00eb Qendr\u00ebn Sh\u00ebndet\u00ebsore n\u00eb Baldushk \u00ebsht\u00eb d\u00ebrguar pa shenja jete shtetasi H. M., rreth 60 vje\u00e7, mir\u00ebmbajt\u00ebs i rrug\u00ebve n\u00eb Nj\u00ebsin\u00eb Administrative Baldushk, i cili gjat\u00eb koh\u00ebs q\u00eb ka [&hellip;]<\/p>\n","protected":false},"author":2013,"featured_media":123597,"comment_status":"open","ping_status":"closed","sticky":false,"template":"","format":"standard","meta":{"footnotes":""},"categories":[241,235],"tags":[],"class_list":{"0":"post-123596","1":"post","2":"type-post","3":"status-publish","4":"format-standard","5":"has-post-thumbnail","7":"category-aktualitet","8":"category-vendi"},"_links":{"self":[{"href":"https:\/\/zjarr.tv\/sq\/wp-json\/wp\/v2\/posts\/123596","targetHints":{"allow":["GET"]}}],"collection":[{"href":"https:\/\/zjarr.tv\/sq\/wp-json\/wp\/v2\/posts"}],"about":[{"href":"https:\/\/zjarr.tv\/sq\/wp-json\/wp\/v2\/types\/post"}],"author":[{"embeddable":true,"href":"https:\/\/zjarr.tv\/sq\/wp-json\/wp\/v2\/users\/2013"}],"replies":[{"embeddable":true,"href":"https:\/\/zjarr.tv\/sq\/wp-json\/wp\/v2\/comments?post=123596"}],"version-history":[{"count":0,"href":"https:\/\/zjarr.tv\/sq\/wp-json\/wp\/v2\/posts\/123596\/revisions"}],"wp:featuredmedia":[{"embeddable":true,"href":"https:\/\/zjarr.tv\/sq\/wp-json\/wp\/v2\/media\/123597"}],"wp:attachment":[{"href":"https:\/\/zjarr.tv\/sq\/wp-json\/wp\/v2\/media?parent=123596"}],"wp:term":[{"taxonomy":"category","embeddable":true,"href":"https:\/\/zjarr.tv\/sq\/wp-json\/wp\/v2\/categories?post=123596"},{"taxonomy":"post_tag","embeddable":true,"href":"https:\/\/zjarr.tv\/sq\/wp-json\/wp\/v2\/tags?post=123596"}],"curies":[{"name":"wp","href":"https:\/\/api.w.org\/{rel}","templated":true}]}}