{"id":123605,"date":"2020-03-10T15:05:59","date_gmt":"2020-03-10T14:05:59","guid":{"rendered":"https:\/\/zjarr.tv\/?p=123605"},"modified":"2020-03-10T15:05:59","modified_gmt":"2020-03-10T14:05:59","slug":"koronavirusi-drejtoria-detare-njofton-pezullimin-e-transportit-detar-me-italine","status":"publish","type":"post","link":"https:\/\/zjarr.tv\/sq\/koronavirusi-drejtoria-detare-njofton-pezullimin-e-transportit-detar-me-italine\/","title":{"rendered":"Koronavirusi, Drejtoria Detare njofton pezullimin e transportit detar me Italin\u00eb"},"content":{"rendered":"<p>Drejtoria e P\u00ebrgjithshme Detare b\u00ebri nj\u00eb njoftim t\u00eb mart\u00ebn pasdite duke delaruar se duke filluar nga data 11 mars, do t\u00eb pezullohen t\u00eb gjitha l\u00ebvizjet e pasagjer\u00ebve nga t\u00eb gjitha portet italiane n\u00eb drejtim t\u00eb Shqip\u00ebris\u00eb. \u201c<em>Pas ndryshimit t\u00eb situat\u00ebs dhe shpalljes zon\u00eb e kuqe e gjith\u00eb territorit n\u00eb Itali p\u00ebr shkak t\u00eb p\u00ebrhapjes s\u00eb COVID-19, n\u00eb zbatim t\u00eb urdhrit t\u00eb Ministris\u00eb s\u00eb Infrastruktur\u00ebs dhe Energjis\u00eb ju njoftojm\u00eb se nga data 11.03.2020: Ndalohen t\u00eb gjitha l\u00ebvizjet e pasagjer\u00ebve nga t\u00eb gjitha portet Italiane n\u00eb drejtim t\u00eb Shqip\u00ebris\u00eb\u201d,<\/em>\u00a0thuhet n\u00eb njoftim.<\/p>\n<p>Mir\u00ebpo, linjat e trageteve mes Italis\u00eb dhe Shqip\u00ebris\u00eb mund t\u00eb marrin pasagjer\u00eb vet\u00ebm nga Shqip\u00ebria n\u00eb drejtim t\u00eb Italis\u00eb. \u201c<em>T\u00eb gjitha linjat e trageteve mes Italis\u00eb dhe Shqiperis\u00eb mund t\u00eb marrin pasagjer\u00eb nga Shqiperia n\u00eb drejtim t\u00eb Italis\u00eb, nd\u00ebrsa nga Italia nuk do lejohet asnj\u00eb pasagjer t\u00eb udhetoj\u00eb n\u00eb drejtim t\u00eb Shqiperis\u00eb\u201d,<\/em>\u00a0thuhet n\u00eb njoftim.<\/p>\n<p>Gjithashtu, Drejtoria e P\u00ebrgjithshme Detare shprehet se linjat e trageteve t\u00eb pasgjer\u00ebve do t\u00eb lejohet t\u00eb marrin pa kufizim kamiona me mallra nga Italia me destinacion portet e Shqip\u00ebris\u00eb, nd\u00ebrsa thot\u00eb se ekuipazhi dhe shofer\u00ebt do t`i n\u00ebnshtrohen masave t\u00eb rrepta n\u00eb portet shqiptare.<\/p>\n<p>\u201c<em>T\u00eb gjitha linjat e transportit pasgjer\u00ebve (traget) do lejohen t\u00eb marrin pa kufizim kamiona dhe mallra nga Italia me destiancion Portet e Hapura t\u00eb Republik\u00ebs s\u00eb Shqip\u00ebris\u00eb gjithashtu do t\u00eb lejohen t\u00eb gjitha anijet e mallrave nga Italia me destinacion Portet e Hapura te RSH dhe anasjelltas. Ekuipazhi dhe shofer\u00ebt do ti n\u00ebnshtrohen kontrolleve te rrepta n\u00eb portet Shqiptare<\/em>\u201d, thuhet njoftimin e Drejtoris\u00eb s\u00eb P\u00ebrgjithshme Detare, nd\u00ebrsa n\u00eb fund deklaron se do t\u00eb bllokohen shitjet e biletave p\u00ebr pasagjer\u00ebt.<\/p>\n","protected":false},"excerpt":{"rendered":"<p>Drejtoria e P\u00ebrgjithshme Detare b\u00ebri nj\u00eb njoftim t\u00eb mart\u00ebn pasdite duke delaruar se duke filluar nga data 11 mars, do t\u00eb pezullohen t\u00eb gjitha l\u00ebvizjet e pasagjer\u00ebve nga t\u00eb gjitha portet italiane n\u00eb drejtim t\u00eb Shqip\u00ebris\u00eb. \u201cPas ndryshimit t\u00eb situat\u00ebs dhe shpalljes zon\u00eb e kuqe e gjith\u00eb territorit n\u00eb Itali p\u00ebr shkak t\u00eb p\u00ebrhapjes s\u00eb [&hellip;]<\/p>\n","protected":false},"author":2013,"featured_media":123606,"comment_status":"open","ping_status":"closed","sticky":false,"template":"","format":"standard","meta":{"footnotes":""},"categories":[241,235],"tags":[],"class_list":{"0":"post-123605","1":"post","2":"type-post","3":"status-publish","4":"format-standard","5":"has-post-thumbnail","7":"category-aktualitet","8":"category-vendi"},"_links":{"self":[{"href":"https:\/\/zjarr.tv\/sq\/wp-json\/wp\/v2\/posts\/123605","targetHints":{"allow":["GET"]}}],"collection":[{"href":"https:\/\/zjarr.tv\/sq\/wp-json\/wp\/v2\/posts"}],"about":[{"href":"https:\/\/zjarr.tv\/sq\/wp-json\/wp\/v2\/types\/post"}],"author":[{"embeddable":true,"href":"https:\/\/zjarr.tv\/sq\/wp-json\/wp\/v2\/users\/2013"}],"replies":[{"embeddable":true,"href":"https:\/\/zjarr.tv\/sq\/wp-json\/wp\/v2\/comments?post=123605"}],"version-history":[{"count":0,"href":"https:\/\/zjarr.tv\/sq\/wp-json\/wp\/v2\/posts\/123605\/revisions"}],"wp:featuredmedia":[{"embeddable":true,"href":"https:\/\/zjarr.tv\/sq\/wp-json\/wp\/v2\/media\/123606"}],"wp:attachment":[{"href":"https:\/\/zjarr.tv\/sq\/wp-json\/wp\/v2\/media?parent=123605"}],"wp:term":[{"taxonomy":"category","embeddable":true,"href":"https:\/\/zjarr.tv\/sq\/wp-json\/wp\/v2\/categories?post=123605"},{"taxonomy":"post_tag","embeddable":true,"href":"https:\/\/zjarr.tv\/sq\/wp-json\/wp\/v2\/tags?post=123605"}],"curies":[{"name":"wp","href":"https:\/\/api.w.org\/{rel}","templated":true}]}}