{"id":123608,"date":"2020-03-10T15:07:31","date_gmt":"2020-03-10T14:07:31","guid":{"rendered":"https:\/\/zjarr.tv\/?p=123608"},"modified":"2020-03-10T15:07:31","modified_gmt":"2020-03-10T14:07:31","slug":"koronavirusi-pezullohen-2-jave-gjyqet-ne-te-gjithe-vendin","status":"publish","type":"post","link":"https:\/\/zjarr.tv\/sq\/koronavirusi-pezullohen-2-jave-gjyqet-ne-te-gjithe-vendin\/","title":{"rendered":"Koronavirusi, pezullohen 2 jav\u00eb gjyqet n\u00eb t\u00eb gjith\u00eb vendin"},"content":{"rendered":"<p>Me an\u00eb t\u00eb nj\u00eb vendimi K\u00ebshilli i Lart\u00eb Gjyq\u00ebsor vendosi pezullimin e vepritmaris\u00eb dhe sh\u00ebrbimeve gjyq\u00ebsore n\u00eb t\u00eb gjitha Gjykatat e vendit. Shkak p\u00ebr k\u00ebt\u00eb vendim \u00ebsht\u00eb b\u00ebr\u00eb koronavirusi.<\/p>\n<p>\u201cPezullimin e veprimtaris\u00eb dhe sh\u00ebrmbimeve gjyq\u00ebsore n\u00eb t\u00eb gjitha gjykatat e vendit, t\u00eb juridiksionit t\u00eb p\u00ebrgjtihsh\u00ebm dhe t\u00eb posa\u00e7\u00ebm, p\u00ebr shkak t\u00eb situat\u00ebs s\u00eb krijuar dhe infeksioni i p\u00ebrhapur Covid-19\u201d, shprehet n\u00eb pik\u00ebn e par\u00eb t\u00eb vendimit.<\/p>\n<p>Megjithat\u00eb, KLGJ ka vendosur q\u00eb t\u00eb p\u00ebrjashtohet nga efektet e pezullimit veprimtaria dhe sh\u00ebrbimet gjyq\u00ebsore, q\u00eb lidhen me \u00e7\u00ebshtje t\u00eb \u201cnatyr\u00ebs s\u00eb ngutshme, t\u00eb vler\u00ebsuara si t\u00eb tilla rast pas rasti nga gjyqtari\u201d.<\/p>\n<p>Gjithashtu, p\u00ebrjashtohen nga efektet e pezullimit, \u201cseancat e vler\u00ebsimit t\u00eb masavet \u00eb siguris\u00eb, seancat n\u00eb t\u00eb cilat jan\u00eb k\u00ebrkuar ose zbatuar masat e siguris\u00eb me burg, dhe kur t\u00eb arrestuarit, i pandehuri ose mbrojt\u00ebsit e tyre e k\u00ebrkojn\u00eb shprehimisht q\u00eb t\u00eb vijohet me shqyrtimin e tyre\u201d. Koh\u00ebzgjatja e k\u00ebtij vendimi do t\u00eb jet\u00eb p\u00ebr nj\u00eb periudh\u00eb dy javore, thot\u00eb KLGJ.<\/p>\n","protected":false},"excerpt":{"rendered":"<p>Me an\u00eb t\u00eb nj\u00eb vendimi K\u00ebshilli i Lart\u00eb Gjyq\u00ebsor vendosi pezullimin e vepritmaris\u00eb dhe sh\u00ebrbimeve gjyq\u00ebsore n\u00eb t\u00eb gjitha Gjykatat e vendit. Shkak p\u00ebr k\u00ebt\u00eb vendim \u00ebsht\u00eb b\u00ebr\u00eb koronavirusi. \u201cPezullimin e veprimtaris\u00eb dhe sh\u00ebrmbimeve gjyq\u00ebsore n\u00eb t\u00eb gjitha gjykatat e vendit, t\u00eb juridiksionit t\u00eb p\u00ebrgjtihsh\u00ebm dhe t\u00eb posa\u00e7\u00ebm, p\u00ebr shkak t\u00eb situat\u00ebs s\u00eb krijuar dhe [&hellip;]<\/p>\n","protected":false},"author":2013,"featured_media":123609,"comment_status":"open","ping_status":"closed","sticky":false,"template":"","format":"standard","meta":{"footnotes":""},"categories":[241,235],"tags":[],"class_list":{"0":"post-123608","1":"post","2":"type-post","3":"status-publish","4":"format-standard","5":"has-post-thumbnail","7":"category-aktualitet","8":"category-vendi"},"_links":{"self":[{"href":"https:\/\/zjarr.tv\/sq\/wp-json\/wp\/v2\/posts\/123608","targetHints":{"allow":["GET"]}}],"collection":[{"href":"https:\/\/zjarr.tv\/sq\/wp-json\/wp\/v2\/posts"}],"about":[{"href":"https:\/\/zjarr.tv\/sq\/wp-json\/wp\/v2\/types\/post"}],"author":[{"embeddable":true,"href":"https:\/\/zjarr.tv\/sq\/wp-json\/wp\/v2\/users\/2013"}],"replies":[{"embeddable":true,"href":"https:\/\/zjarr.tv\/sq\/wp-json\/wp\/v2\/comments?post=123608"}],"version-history":[{"count":0,"href":"https:\/\/zjarr.tv\/sq\/wp-json\/wp\/v2\/posts\/123608\/revisions"}],"wp:featuredmedia":[{"embeddable":true,"href":"https:\/\/zjarr.tv\/sq\/wp-json\/wp\/v2\/media\/123609"}],"wp:attachment":[{"href":"https:\/\/zjarr.tv\/sq\/wp-json\/wp\/v2\/media?parent=123608"}],"wp:term":[{"taxonomy":"category","embeddable":true,"href":"https:\/\/zjarr.tv\/sq\/wp-json\/wp\/v2\/categories?post=123608"},{"taxonomy":"post_tag","embeddable":true,"href":"https:\/\/zjarr.tv\/sq\/wp-json\/wp\/v2\/tags?post=123608"}],"curies":[{"name":"wp","href":"https:\/\/api.w.org\/{rel}","templated":true}]}}