{"id":123613,"date":"2020-03-10T16:00:21","date_gmt":"2020-03-10T15:00:21","guid":{"rendered":"https:\/\/zjarr.tv\/?p=123613"},"modified":"2020-03-10T16:00:21","modified_gmt":"2020-03-10T15:00:21","slug":"rama-duhet-te-jemi-bashke-jo-te-ndahemi-ne-task-forca","status":"publish","type":"post","link":"https:\/\/zjarr.tv\/sq\/rama-duhet-te-jemi-bashke-jo-te-ndahemi-ne-task-forca\/","title":{"rendered":"Rama: Duhet t\u00eb jemi bashk\u00eb, jo t\u00eb ndahemi n\u00eb task forca"},"content":{"rendered":"<p>Kryeministri Edi Rama ka b\u00ebr\u00eb thirrje q\u00eb e gjith\u00eb politika t\u00eb bashkohet. &#8220;Nuk duhet t\u00eb ndahemi n\u00eb task forca&#8221; tha kreu i qeveris\u00eb.<\/p>\n<p><strong>Edi Rama:\u00a0<\/strong><em>Ne besojm\u00eb shum\u00eb q\u00eb \u00ebsht\u00eb nj\u00eb rast q\u00eb n\u00eb radh\u00eb t\u00eb par\u00eb personat publik dhe mbi ta p\u00ebr shkak t\u00eb aksesit dhe t\u00eb p\u00ebrgjegj\u00ebsis\u00eb t\u00eb gjith\u00eb p\u00ebrfaq\u00ebsuesit e politik\u00ebs sot kan\u00eb detyr\u00ebn t\u00eb jen\u00eb bashk\u00eb dhe jo t\u00eb ndahen n\u00eb task forca t\u00eb ndryshme q\u00eb jan\u00eb praktike e panjohur n\u00eb planet. N\u00eb asnj\u00eb vend tjet\u00ebr nuk \u00ebsht\u00eb shfaqur task forc\u00eb alternative. Task forc\u00eb opozitare, presidenciale, dixhtale&#8230;p\u00ebr \u00e7far\u00eb? \u00c7far\u00eb do t\u00eb nxjerrim n\u00eb politikisht n\u00eb kushtet e k\u00ebsaj lufte p\u00ebrve\u00e7 boj\u00ebs ton\u00eb.<\/em><\/p>\n<p><em>M\u00eb erdhi shum\u00eb mir\u00eb kur kryetari i opozit\u00ebs dje mbajti nj\u00eb fjal\u00eb p\u00ebrpara opinionit publik q\u00eb ishte as m\u00eb shum\u00eb dhe as m\u00eb pak por fjala e mbajtur nga t\u00eb gjith\u00eb si v\u00ebllez\u00ebrit dhe motrat n\u00eb t\u00eb gjitha vendet q\u00eb jan\u00eb n\u00eb luft\u00eb. Por sot as m\u00eb shum\u00eb dhe as m\u00eb pak gjith\u00e7ka ndryshoi dhe ndryshoi duke nxitur panik p\u00ebrmes dezinformimit, nj\u00eb dezinformim i pajustifikuesh\u00ebm.<\/em><\/p>\n<p><em>Shqip\u00ebria nuk \u00ebsht\u00eb kaq e madhe dhe nuk ka kaq shum\u00eb ekspert\u00eb sa t\u00eb ndahet n\u00eb disa task forca.<\/em><\/p>\n","protected":false},"excerpt":{"rendered":"<p>Kryeministri Edi Rama ka b\u00ebr\u00eb thirrje q\u00eb e gjith\u00eb politika t\u00eb bashkohet. &#8220;Nuk duhet t\u00eb ndahemi n\u00eb task forca&#8221; tha kreu i qeveris\u00eb. Edi Rama:\u00a0Ne besojm\u00eb shum\u00eb q\u00eb \u00ebsht\u00eb nj\u00eb rast q\u00eb n\u00eb radh\u00eb t\u00eb par\u00eb personat publik dhe mbi ta p\u00ebr shkak t\u00eb aksesit dhe t\u00eb p\u00ebrgjegj\u00ebsis\u00eb t\u00eb gjith\u00eb p\u00ebrfaq\u00ebsuesit e politik\u00ebs sot kan\u00eb [&hellip;]<\/p>\n","protected":false},"author":2013,"featured_media":123614,"comment_status":"open","ping_status":"closed","sticky":false,"template":"","format":"standard","meta":{"footnotes":""},"categories":[241,235],"tags":[],"class_list":{"0":"post-123613","1":"post","2":"type-post","3":"status-publish","4":"format-standard","5":"has-post-thumbnail","7":"category-aktualitet","8":"category-vendi"},"_links":{"self":[{"href":"https:\/\/zjarr.tv\/sq\/wp-json\/wp\/v2\/posts\/123613","targetHints":{"allow":["GET"]}}],"collection":[{"href":"https:\/\/zjarr.tv\/sq\/wp-json\/wp\/v2\/posts"}],"about":[{"href":"https:\/\/zjarr.tv\/sq\/wp-json\/wp\/v2\/types\/post"}],"author":[{"embeddable":true,"href":"https:\/\/zjarr.tv\/sq\/wp-json\/wp\/v2\/users\/2013"}],"replies":[{"embeddable":true,"href":"https:\/\/zjarr.tv\/sq\/wp-json\/wp\/v2\/comments?post=123613"}],"version-history":[{"count":0,"href":"https:\/\/zjarr.tv\/sq\/wp-json\/wp\/v2\/posts\/123613\/revisions"}],"wp:featuredmedia":[{"embeddable":true,"href":"https:\/\/zjarr.tv\/sq\/wp-json\/wp\/v2\/media\/123614"}],"wp:attachment":[{"href":"https:\/\/zjarr.tv\/sq\/wp-json\/wp\/v2\/media?parent=123613"}],"wp:term":[{"taxonomy":"category","embeddable":true,"href":"https:\/\/zjarr.tv\/sq\/wp-json\/wp\/v2\/categories?post=123613"},{"taxonomy":"post_tag","embeddable":true,"href":"https:\/\/zjarr.tv\/sq\/wp-json\/wp\/v2\/tags?post=123613"}],"curies":[{"name":"wp","href":"https:\/\/api.w.org\/{rel}","templated":true}]}}