{"id":123620,"date":"2020-03-11T11:32:53","date_gmt":"2020-03-11T10:32:53","guid":{"rendered":"https:\/\/zjarr.tv\/?p=123620"},"modified":"2020-03-11T11:32:53","modified_gmt":"2020-03-11T10:32:53","slug":"shkon-ne-12-numri-i-te-infektuarve-nga-koronavirusi-harta-zgjerohet-me-lushnjen","status":"publish","type":"post","link":"https:\/\/zjarr.tv\/sq\/shkon-ne-12-numri-i-te-infektuarve-nga-koronavirusi-harta-zgjerohet-me-lushnjen\/","title":{"rendered":"Shkon n\u00eb 12 numri i t\u00eb infektuarve nga koronavirusi, harta zgjerohet me Lushnjen"},"content":{"rendered":"<p>Konfirmohen dy raste t\u00eb reja me koronavirus n\u00eb vendin ton\u00eb, duke e \u00e7uar numrin e t\u00eb infektuarve n\u00eb 12.<\/p>\n<p>9 jan\u00eb lidhje kontakti me rastin e par\u00eb, 3 jan\u00eb raste t\u00eb reja: nj\u00eb n\u00eb Tiran\u00eb, nj\u00eb n\u00eb Lushnje dhe nj\u00eb n\u00eb Durr\u00ebs.<\/p>\n<p><em><strong>Rakacolli:\u00a0<\/strong>Jan\u00eb kryer 43 testime t\u00eb reja, kan\u00eb rezultuar pozitive vet\u00ebm 2 raste. Nj\u00ebri prej tyre \u00ebsht\u00eb i lidhur me rastin e par\u00eb, tjetri nj\u00eb i moshuar\u00a0<\/em>78 vje\u00e7\u00a0<em>n\u00eb Lushnje q\u00eb ka udh\u00ebtuar\u00a0<\/em><em>nga Bergamo<\/em><em>, Itali, n\u00eb mesin e epidemis\u00eb dhe \u00ebsht\u00eb kthyer n\u00eb Shqip\u00ebri<\/em><em>. T\u00eb dyja rastet jan\u00eb n\u00eb vet\u00eb izolim dhe jan\u00eb n\u00eb gjendje t\u00eb mir\u00eb sh\u00ebndet\u00ebsor<\/em><em>e. Tre prej t\u00eb prekurve jan\u00eb shtuar te Infektivi, nj\u00eb n\u00eb Durr\u00ebs, 7 n\u00eb vet\u00ebizolim, nd\u00ebrsa 104 persona kontakte t\u00eb personave t\u00eb infektuar me COVID jan\u00eb n\u00eb vet\u00ebkarantinim.<\/em><\/p>\n<p>T\u00eb dh\u00ebnat u b\u00ebn\u00eb me dije nga z\u00ebvend\u00ebs\/ministrja e Sh\u00ebndet\u00ebsis\u00eb, Mira Rakacolli. N\u00eb total tha ajo jan\u00eb testuar 157 persona, nga t\u00eb cil\u00ebt vet\u00ebm 12 kan\u00eb rezultuar pozitiv\u00eb.<\/p>\n<p>Rakacolli t\u00ebrhoqi v\u00ebmendjen se vet\u00ebkarantimi \u00ebsht\u00eb i detyruesh\u00ebm p\u00ebr t\u00eb gjith\u00eb personat q\u00eb kan\u00eb hyr\u00eb n\u00eb Shqip\u00ebri nga zonat me rrezik epidemiologjik.<\/p>\n<p><strong><em>Rakacolli:\u00a0<\/em><\/strong><em>T\u00eb gjith\u00eb personat q\u00eb kan\u00eb hyr\u00eb n\u00eb Shqip\u00ebri nga zonat me rrezik epidemiologjik t\u00eb plot\u00ebsojn\u00eb sked\u00ebn e udh\u00ebtarit n\u00eb pikat hyr\u00ebse dhe t\u00eb vet\u00ebkarantinohen detyrimisht p\u00ebr nj\u00eb periudh\u00eb 14 ditore nga data e hyrjes n\u00eb fuqi.<\/em><\/p>\n","protected":false},"excerpt":{"rendered":"<p>Konfirmohen dy raste t\u00eb reja me koronavirus n\u00eb vendin ton\u00eb, duke e \u00e7uar numrin e t\u00eb infektuarve n\u00eb 12. 9 jan\u00eb lidhje kontakti me rastin e par\u00eb, 3 jan\u00eb raste t\u00eb reja: nj\u00eb n\u00eb Tiran\u00eb, nj\u00eb n\u00eb Lushnje dhe nj\u00eb n\u00eb Durr\u00ebs. Rakacolli:\u00a0Jan\u00eb kryer 43 testime t\u00eb reja, kan\u00eb rezultuar pozitive vet\u00ebm 2 raste. Nj\u00ebri [&hellip;]<\/p>\n","protected":false},"author":2013,"featured_media":123621,"comment_status":"open","ping_status":"closed","sticky":false,"template":"","format":"standard","meta":{"footnotes":""},"categories":[241,235],"tags":[],"class_list":{"0":"post-123620","1":"post","2":"type-post","3":"status-publish","4":"format-standard","5":"has-post-thumbnail","7":"category-aktualitet","8":"category-vendi"},"_links":{"self":[{"href":"https:\/\/zjarr.tv\/sq\/wp-json\/wp\/v2\/posts\/123620","targetHints":{"allow":["GET"]}}],"collection":[{"href":"https:\/\/zjarr.tv\/sq\/wp-json\/wp\/v2\/posts"}],"about":[{"href":"https:\/\/zjarr.tv\/sq\/wp-json\/wp\/v2\/types\/post"}],"author":[{"embeddable":true,"href":"https:\/\/zjarr.tv\/sq\/wp-json\/wp\/v2\/users\/2013"}],"replies":[{"embeddable":true,"href":"https:\/\/zjarr.tv\/sq\/wp-json\/wp\/v2\/comments?post=123620"}],"version-history":[{"count":0,"href":"https:\/\/zjarr.tv\/sq\/wp-json\/wp\/v2\/posts\/123620\/revisions"}],"wp:featuredmedia":[{"embeddable":true,"href":"https:\/\/zjarr.tv\/sq\/wp-json\/wp\/v2\/media\/123621"}],"wp:attachment":[{"href":"https:\/\/zjarr.tv\/sq\/wp-json\/wp\/v2\/media?parent=123620"}],"wp:term":[{"taxonomy":"category","embeddable":true,"href":"https:\/\/zjarr.tv\/sq\/wp-json\/wp\/v2\/categories?post=123620"},{"taxonomy":"post_tag","embeddable":true,"href":"https:\/\/zjarr.tv\/sq\/wp-json\/wp\/v2\/tags?post=123620"}],"curies":[{"name":"wp","href":"https:\/\/api.w.org\/{rel}","templated":true}]}}