{"id":123624,"date":"2020-03-11T11:34:44","date_gmt":"2020-03-11T10:34:44","guid":{"rendered":"https:\/\/zjarr.tv\/?p=123624"},"modified":"2020-03-11T11:34:44","modified_gmt":"2020-03-11T10:34:44","slug":"pas-transportit-ajror-dhe-detar-ndalohet-dhe-kalimi-tokesor-drejt-italise","status":"publish","type":"post","link":"https:\/\/zjarr.tv\/sq\/pas-transportit-ajror-dhe-detar-ndalohet-dhe-kalimi-tokesor-drejt-italise\/","title":{"rendered":"Pas transportit ajror dhe detar, ndalohet dhe kalimi tok\u00ebsor drejt Italis\u00eb"},"content":{"rendered":"<p>Pas pezullimit t\u00eb udh\u00ebtimeve n\u00eb rrug\u00eb ajrore dhe detare edhe n\u00eb rrug\u00eb tok\u00ebsore ndalohen prej dit\u00ebs s\u00eb sotme udh\u00ebtimet drejt Italis\u00eb. Mali i Zi ka vendosur t\u00eb mos lejoj\u00eb futjen e autobus\u00ebve shqiptar\u00eb q\u00eb kan\u00eb destinacion shtetin italian.<\/p>\n<p>Nj\u00eb urdh\u00ebr i l\u00ebshuar n\u00eb or\u00ebt e para t\u00eb m\u00ebngjesit n\u00eb doganat e Muriqanit dhe t\u00eb Hanit t\u00eb Hotit, k\u00ebrkon q\u00eb t\u00eb mos lejohet futja e autobus\u00ebve me pasagjer\u00eb q\u00eb duan t\u00eb shkojn\u00eb n\u00eb Itali.<\/p>\n<p>N\u00eb k\u00ebto kushte do t\u00eb kthehen pas t\u00eb gjith\u00eb autobus\u00ebt. Ky vendim \u00ebsht\u00eb si rrjedhoj\u00eb e masave t\u00eb marra dhe nga shtete t\u00eb tjera, q\u00eb nga Kroacia e cila ka vendosur karantinimin p\u00ebr 14 dit\u00eb t\u00eb personave q\u00eb kalojn\u00eb kufirin.<\/p>\n","protected":false},"excerpt":{"rendered":"<p>Pas pezullimit t\u00eb udh\u00ebtimeve n\u00eb rrug\u00eb ajrore dhe detare edhe n\u00eb rrug\u00eb tok\u00ebsore ndalohen prej dit\u00ebs s\u00eb sotme udh\u00ebtimet drejt Italis\u00eb. Mali i Zi ka vendosur t\u00eb mos lejoj\u00eb futjen e autobus\u00ebve shqiptar\u00eb q\u00eb kan\u00eb destinacion shtetin italian. Nj\u00eb urdh\u00ebr i l\u00ebshuar n\u00eb or\u00ebt e para t\u00eb m\u00ebngjesit n\u00eb doganat e Muriqanit dhe t\u00eb Hanit [&hellip;]<\/p>\n","protected":false},"author":2013,"featured_media":123625,"comment_status":"open","ping_status":"closed","sticky":false,"template":"","format":"standard","meta":{"footnotes":""},"categories":[241,235],"tags":[],"class_list":{"0":"post-123624","1":"post","2":"type-post","3":"status-publish","4":"format-standard","5":"has-post-thumbnail","7":"category-aktualitet","8":"category-vendi"},"_links":{"self":[{"href":"https:\/\/zjarr.tv\/sq\/wp-json\/wp\/v2\/posts\/123624","targetHints":{"allow":["GET"]}}],"collection":[{"href":"https:\/\/zjarr.tv\/sq\/wp-json\/wp\/v2\/posts"}],"about":[{"href":"https:\/\/zjarr.tv\/sq\/wp-json\/wp\/v2\/types\/post"}],"author":[{"embeddable":true,"href":"https:\/\/zjarr.tv\/sq\/wp-json\/wp\/v2\/users\/2013"}],"replies":[{"embeddable":true,"href":"https:\/\/zjarr.tv\/sq\/wp-json\/wp\/v2\/comments?post=123624"}],"version-history":[{"count":0,"href":"https:\/\/zjarr.tv\/sq\/wp-json\/wp\/v2\/posts\/123624\/revisions"}],"wp:featuredmedia":[{"embeddable":true,"href":"https:\/\/zjarr.tv\/sq\/wp-json\/wp\/v2\/media\/123625"}],"wp:attachment":[{"href":"https:\/\/zjarr.tv\/sq\/wp-json\/wp\/v2\/media?parent=123624"}],"wp:term":[{"taxonomy":"category","embeddable":true,"href":"https:\/\/zjarr.tv\/sq\/wp-json\/wp\/v2\/categories?post=123624"},{"taxonomy":"post_tag","embeddable":true,"href":"https:\/\/zjarr.tv\/sq\/wp-json\/wp\/v2\/tags?post=123624"}],"curies":[{"name":"wp","href":"https:\/\/api.w.org\/{rel}","templated":true}]}}