{"id":123629,"date":"2020-03-11T11:37:19","date_gmt":"2020-03-11T10:37:19","guid":{"rendered":"https:\/\/zjarr.tv\/?p=123629"},"modified":"2020-03-11T11:37:19","modified_gmt":"2020-03-11T10:37:19","slug":"balla-ndalon-socialistet-deri-ne-3-prill-ska-takime-partie","status":"publish","type":"post","link":"https:\/\/zjarr.tv\/sq\/balla-ndalon-socialistet-deri-ne-3-prill-ska-takime-partie\/","title":{"rendered":"Balla ndalon socialist\u00ebt: Deri n\u00eb 3 prill s`ka takime partie"},"content":{"rendered":"<p>Partia Socialiste vendosi t\u00eb pezulloj\u00eb takimet e partis\u00eb deri n\u00eb dat\u00ebn 3 prill.\u00a0P\u00ebr shkak t\u00eb situat\u00ebs nga koronavirusi, Sekretari i P\u00ebrgjithsh\u00ebm i PS, Taulant Balla u ka d\u00ebrguar nj\u00eb mesazh socialist\u00ebve q\u00eb t\u00eb anulojn\u00eb takimet deri n\u00eb dat\u00ebn 3 prill.<\/p>\n<p>\u201cKoleg\u00eb, n\u00eb kuad\u00ebr t\u00eb masave t\u00eb domosdoshme p\u00ebr situat\u00ebn e emergjenc\u00ebs, ju lutem pezulloni t\u00eb gjitha takimet e partis\u00eb deri n\u00eb dat\u00ebn 3 prill\u201d, shkruan Taulant Balla.<\/p>\n<p>Kjo mas\u00eb e marr\u00eb nga socialist\u00ebt vjen n\u00eb nj\u00eb moment q\u00eb Shqip\u00ebria u fut n\u00eb list\u00ebn e vendeve me infeksion nga koronavirusi.<\/p>\n<p>Nd\u00ebrkoh\u00eb, ende nuk dihet n\u00ebse do t\u00eb ket\u00eb pezullim t\u00eb pun\u00ebs s\u00eb Kuvendit, megjith\u00ebse m\u00eb her\u00ebt \u00ebsht\u00eb deklaruar se ai do t\u00eb vijoj\u00eb pun\u00ebn normalisht.<\/p>\n","protected":false},"excerpt":{"rendered":"<p>Partia Socialiste vendosi t\u00eb pezulloj\u00eb takimet e partis\u00eb deri n\u00eb dat\u00ebn 3 prill.\u00a0P\u00ebr shkak t\u00eb situat\u00ebs nga koronavirusi, Sekretari i P\u00ebrgjithsh\u00ebm i PS, Taulant Balla u ka d\u00ebrguar nj\u00eb mesazh socialist\u00ebve q\u00eb t\u00eb anulojn\u00eb takimet deri n\u00eb dat\u00ebn 3 prill. \u201cKoleg\u00eb, n\u00eb kuad\u00ebr t\u00eb masave t\u00eb domosdoshme p\u00ebr situat\u00ebn e emergjenc\u00ebs, ju lutem pezulloni t\u00eb [&hellip;]<\/p>\n","protected":false},"author":2013,"featured_media":122455,"comment_status":"open","ping_status":"closed","sticky":false,"template":"","format":"standard","meta":{"footnotes":""},"categories":[241,235],"tags":[],"class_list":{"0":"post-123629","1":"post","2":"type-post","3":"status-publish","4":"format-standard","5":"has-post-thumbnail","7":"category-aktualitet","8":"category-vendi"},"_links":{"self":[{"href":"https:\/\/zjarr.tv\/sq\/wp-json\/wp\/v2\/posts\/123629","targetHints":{"allow":["GET"]}}],"collection":[{"href":"https:\/\/zjarr.tv\/sq\/wp-json\/wp\/v2\/posts"}],"about":[{"href":"https:\/\/zjarr.tv\/sq\/wp-json\/wp\/v2\/types\/post"}],"author":[{"embeddable":true,"href":"https:\/\/zjarr.tv\/sq\/wp-json\/wp\/v2\/users\/2013"}],"replies":[{"embeddable":true,"href":"https:\/\/zjarr.tv\/sq\/wp-json\/wp\/v2\/comments?post=123629"}],"version-history":[{"count":0,"href":"https:\/\/zjarr.tv\/sq\/wp-json\/wp\/v2\/posts\/123629\/revisions"}],"wp:featuredmedia":[{"embeddable":true,"href":"https:\/\/zjarr.tv\/sq\/wp-json\/wp\/v2\/media\/122455"}],"wp:attachment":[{"href":"https:\/\/zjarr.tv\/sq\/wp-json\/wp\/v2\/media?parent=123629"}],"wp:term":[{"taxonomy":"category","embeddable":true,"href":"https:\/\/zjarr.tv\/sq\/wp-json\/wp\/v2\/categories?post=123629"},{"taxonomy":"post_tag","embeddable":true,"href":"https:\/\/zjarr.tv\/sq\/wp-json\/wp\/v2\/tags?post=123629"}],"curies":[{"name":"wp","href":"https:\/\/api.w.org\/{rel}","templated":true}]}}