{"id":123642,"date":"2020-03-11T14:18:11","date_gmt":"2020-03-11T13:18:11","guid":{"rendered":"https:\/\/zjarr.tv\/?p=123642"},"modified":"2020-03-11T14:18:11","modified_gmt":"2020-03-11T13:18:11","slug":"zbardhet-urdhri-i-ministrise-se-shendetesise-ja-ambientet-qe-mbyllen","status":"publish","type":"post","link":"https:\/\/zjarr.tv\/sq\/zbardhet-urdhri-i-ministrise-se-shendetesise-ja-ambientet-qe-mbyllen\/","title":{"rendered":"Zbardhet urdhri i Ministris\u00eb s\u00eb Sh\u00ebndet\u00ebsis\u00eb, ja ambientet q\u00eb mbyllen"},"content":{"rendered":"<p>Zbardhet urdhri i Ministris\u00eb s\u00eb Sh\u00ebndet\u00ebsis\u00eb, n\u00eb kuad\u00ebr t\u00eb masave p\u00ebr mbrojtjen nga p\u00ebrhapja e koronavirusit n\u00eb vendin ton\u00eb, q\u00eb tashm\u00eb ka sh\u00ebnuar 12 t\u00eb prekur.<\/p>\n<p>Nga ambientet q\u00eb mbyllen totalisht deri n\u00eb 3 prill te afati nj\u00eb ditor i l\u00ebn\u00eb p\u00ebr institucionet publike dhe privat\u00eb p\u00ebr hartimin e planit t\u00eb masave, duke prioritizuar pun\u00ebn n\u00eb distanc\u00eb dhe ofrimin e sh\u00ebrbimeve online.<\/p>\n<p><strong>Urdhri i ri i firmosur nga Ministrja e Sh\u00ebndet\u00ebsis\u00eb dhe Mbrojtjes Sociale Ogerta Manastirliu p\u00ebr masat p\u00ebr parandalimin e p\u00ebrhapjes s\u00eb COVID-19:<\/strong><\/p>\n<p>1. Mbyllja p\u00ebr publikun deri n\u00eb dat\u00eb 03\/04\/2020 t\u00eb<br \/>\na. Ambienteve q\u00eb ofrojn\u00eb sh\u00ebrbime n\u00eb lokale nate<br \/>\nb. T\u00eb ambienteve t\u00eb mbyllura t\u00eb dedikuara p\u00ebr arg\u00ebtimin e f\u00ebmij\u00ebve dhe t\u00eb rinjt\u00eb, aktiviteteve n\u00eb palestra, qendra sportive, pishina, qendra internet, qendra kulturore dhe arg\u00ebtimi<br \/>\n2- Ndalimin deri n\u00eb dat\u00eb 03\/04\/2020 t\u00eb:<br \/>\na. Aktiviteteve sportive, sociale dhe kulturore;<br \/>\nb. Eksursioneve m\u00ebsimore t\u00eb organizuara prej institucioneve shkollore me destinacion brenda ose jasht\u00eb vendit;<br \/>\nc. Procedurave t\u00eb konkursit p\u00ebr pun\u00ebsim personeli, konkurse shkollimi dhe specializimi.<br \/>\n3- Gjat\u00eb dit\u00ebs, aktivitetet e bareve, restoranteve, lokaleve t\u00eb ofrojn\u00eb sh\u00ebrbim p\u00ebr klient\u00ebt duke respektuar distanc\u00ebn prej s\u00eb paku dy metrash nd\u00ebrmjet tavolinave n\u00eb vendet ulur, dh\u00eb n\u00eb \u00e7do rast t\u00eb garantojn\u00eb distanc\u00ebn prej s\u00eb paku nj\u00eb met\u00ebr t\u00eb njeriut nga njeriu.<br \/>\n4- Institucionet publike dhe private, t\u00eb hartojn\u00eb sipas fush\u00ebs s\u00eb p\u00ebrgjegj\u00ebsis\u00eb s\u00eb tyre brenda dat\u00ebs 11.03.2020 nj\u00eb plan masash p\u00ebr sigurimin e ofrimit t\u00eb sh\u00ebrbimeve prioritare, duke prioritizuar kategorit\u00eb e sh\u00ebrbimit kryesisht n\u00ebp\u00ebrmjet ofrimit t\u00eb sh\u00ebrbimit online, pun\u00ebs n\u00eb distanc\u00eb, dhe vet\u00ebm n\u00eb raste t\u00eb domosdoshme t\u00eb ofrojn\u00eb sh\u00ebrbimin nd\u00ebrmjet kontaktit fizik. P\u00ebr sh\u00ebrbimet p\u00ebr t\u00eb cilat nevojitet kontakti i drejtp\u00ebrdrejt\u00eb me publikun institucionet duhet t\u00eb pajisin personelin me mjete pune mbrojt\u00ebse me q\u00ebllim ruajtjen e sh\u00ebndetit t\u00eb tyre.<br \/>\n5- Institucionet publike q\u00eb ofrojn\u00eb sh\u00ebrbime pritjeje p\u00ebr publikun n\u00eb sportel t\u00eb marrin masa p\u00ebr t\u00eb shfryt\u00ebzuar maksimalisht sh\u00ebrbimet online dhe platform\u00ebn e-albania.<br \/>\n6- Organet e sh\u00ebrbimit postar duhet t\u00eb garantojn\u00eb vazhdimim\u00ebsin\u00eb e sh\u00ebrbimti dhe t\u00eb hartojn\u00eb nj\u00eb plan masash p\u00ebr t\u00eb kufizuar kontaktet e punonj\u00ebsve me publikun dhe p\u00ebr t\u00eb shmangur grumbullimin e publikut n\u00eb sportele apo ambiente t\u00eb tjera t\u00eb brendshme.<br \/>\n7- Detyrohen t\u00eb gjith\u00eb personat q\u00eb kan\u00eb hyr\u00eb n\u00eb Shqip\u00ebri nga zona me rrezikepidemiologjik t\u00eb identifikuara t\u00eb tilla prej Organizat\u00ebs Bot\u00ebrore t\u00eb Sh\u00ebndet\u00ebsise, t\u00eb plot\u00ebsojn\u00eb sked\u00ebn e udh\u00ebtarit n\u00eb pikat hyr\u00ebse kufitare dhe t\u00eb vet\u00ebkarantinohen detyrimisht p\u00ebr nj\u00eb periudh\u00eb 14 ditore nga data e hyrjes n\u00eb kufi.<\/p>\n","protected":false},"excerpt":{"rendered":"<p>Zbardhet urdhri i Ministris\u00eb s\u00eb Sh\u00ebndet\u00ebsis\u00eb, n\u00eb kuad\u00ebr t\u00eb masave p\u00ebr mbrojtjen nga p\u00ebrhapja e koronavirusit n\u00eb vendin ton\u00eb, q\u00eb tashm\u00eb ka sh\u00ebnuar 12 t\u00eb prekur. Nga ambientet q\u00eb mbyllen totalisht deri n\u00eb 3 prill te afati nj\u00eb ditor i l\u00ebn\u00eb p\u00ebr institucionet publike dhe privat\u00eb p\u00ebr hartimin e planit t\u00eb masave, duke prioritizuar pun\u00ebn [&hellip;]<\/p>\n","protected":false},"author":2013,"featured_media":123643,"comment_status":"open","ping_status":"closed","sticky":false,"template":"","format":"standard","meta":{"footnotes":""},"categories":[241,235],"tags":[],"class_list":{"0":"post-123642","1":"post","2":"type-post","3":"status-publish","4":"format-standard","5":"has-post-thumbnail","7":"category-aktualitet","8":"category-vendi"},"_links":{"self":[{"href":"https:\/\/zjarr.tv\/sq\/wp-json\/wp\/v2\/posts\/123642","targetHints":{"allow":["GET"]}}],"collection":[{"href":"https:\/\/zjarr.tv\/sq\/wp-json\/wp\/v2\/posts"}],"about":[{"href":"https:\/\/zjarr.tv\/sq\/wp-json\/wp\/v2\/types\/post"}],"author":[{"embeddable":true,"href":"https:\/\/zjarr.tv\/sq\/wp-json\/wp\/v2\/users\/2013"}],"replies":[{"embeddable":true,"href":"https:\/\/zjarr.tv\/sq\/wp-json\/wp\/v2\/comments?post=123642"}],"version-history":[{"count":0,"href":"https:\/\/zjarr.tv\/sq\/wp-json\/wp\/v2\/posts\/123642\/revisions"}],"wp:featuredmedia":[{"embeddable":true,"href":"https:\/\/zjarr.tv\/sq\/wp-json\/wp\/v2\/media\/123643"}],"wp:attachment":[{"href":"https:\/\/zjarr.tv\/sq\/wp-json\/wp\/v2\/media?parent=123642"}],"wp:term":[{"taxonomy":"category","embeddable":true,"href":"https:\/\/zjarr.tv\/sq\/wp-json\/wp\/v2\/categories?post=123642"},{"taxonomy":"post_tag","embeddable":true,"href":"https:\/\/zjarr.tv\/sq\/wp-json\/wp\/v2\/tags?post=123642"}],"curies":[{"name":"wp","href":"https:\/\/api.w.org\/{rel}","templated":true}]}}