{"id":123654,"date":"2020-03-11T14:31:17","date_gmt":"2020-03-11T13:31:17","guid":{"rendered":"https:\/\/zjarr.tv\/?p=123654"},"modified":"2020-03-11T14:31:17","modified_gmt":"2020-03-11T13:31:17","slug":"maskat-e-skaduara-pd-con-ne-spak-manastirliun-per-shperdorim-detyre","status":"publish","type":"post","link":"https:\/\/zjarr.tv\/sq\/maskat-e-skaduara-pd-con-ne-spak-manastirliun-per-shperdorim-detyre\/","title":{"rendered":"Maskat e skaduara, PD \u00e7on n\u00eb SPAK Manastirliun p\u00ebr \u201cshp\u00ebrdorim detyre\u201d"},"content":{"rendered":"<p>Nj\u00eb dit\u00eb pasi denoncoi se maskat q\u00eb i jan\u00eb shp\u00ebrndar\u00eb stafeve mjek\u00ebsore n\u00eb vend jan\u00eb t\u00eb skaduara, Partia Demokratike ka kall\u00ebzuar penalisht Ministren e Sh\u00ebndet\u00ebsis\u00eb Ogerta Manastiruliu dhe zyrtar\u00eb t\u00eb tjer\u00eb t\u00eb k\u00ebsaj ministrie. \u00a0Kall\u00ebzimi penal \u00ebsht\u00eb b\u00ebr\u00eb n\u00eb SPAK nga Sekretarui i P\u00ebrgjithsh\u00ebm i PD Gazmend Bardhi, ku citohet se: Ogerta Manastirliu kall\u00ebzohet p\u00ebr 5 vepra penale, p\u00ebrfshir\u00eb shp\u00ebrdorimin e detyr\u00ebs.<\/p>\n<p>\u201cKy \u00ebsht\u00eb nj\u00eb krim i r\u00ebnd\u00eb shtet\u00ebror me p\u00ebrgjegj\u00ebse direkte ministren e Sh\u00ebndet\u00ebsis\u00eb, e cila \u00ebsht\u00eb p\u00ebrfshir\u00eb n\u00eb nj\u00eb operacion manipulimi p\u00ebr t\u00eb marr\u00eb mbetjet spitalore q\u00eb duhej t\u00eb asgj\u00ebsoheshin dhe p\u00ebr t\u2019ia v\u00ebn\u00eb n\u00eb dispozicion stafit mjek\u00ebsor.\u201d- thuhet n\u00eb kall\u00ebzimin e 10 Marsit t\u00eb Partis\u00eb Demokratike, t\u00eb firmosur nga sekretari i P\u00ebrgjithsh\u00ebm, Gazment Bardhi.<\/p>\n<p>Partia Demokratike denoncoi dje se qeveria shp\u00ebrndau 1.2 milion\u00eb maska t\u00eb skaduara p\u00ebr personelin sh\u00ebndet\u00ebsor. Kutit\u00eb me maskat e skaduara ishin nj\u00eb etiket\u00eb q\u00eb mbulonte dat\u00ebn e skadenc\u00ebs, duke shkelur ligjin n\u00eb m\u00ebnyr\u00eb t\u00eb dyfisht\u00eb.<\/p>\n","protected":false},"excerpt":{"rendered":"<p>Nj\u00eb dit\u00eb pasi denoncoi se maskat q\u00eb i jan\u00eb shp\u00ebrndar\u00eb stafeve mjek\u00ebsore n\u00eb vend jan\u00eb t\u00eb skaduara, Partia Demokratike ka kall\u00ebzuar penalisht Ministren e Sh\u00ebndet\u00ebsis\u00eb Ogerta Manastiruliu dhe zyrtar\u00eb t\u00eb tjer\u00eb t\u00eb k\u00ebsaj ministrie. \u00a0Kall\u00ebzimi penal \u00ebsht\u00eb b\u00ebr\u00eb n\u00eb SPAK nga Sekretarui i P\u00ebrgjithsh\u00ebm i PD Gazmend Bardhi, ku citohet se: Ogerta Manastirliu kall\u00ebzohet p\u00ebr [&hellip;]<\/p>\n","protected":false},"author":2013,"featured_media":119124,"comment_status":"open","ping_status":"closed","sticky":false,"template":"","format":"standard","meta":{"footnotes":""},"categories":[241,235],"tags":[],"class_list":{"0":"post-123654","1":"post","2":"type-post","3":"status-publish","4":"format-standard","5":"has-post-thumbnail","7":"category-aktualitet","8":"category-vendi"},"_links":{"self":[{"href":"https:\/\/zjarr.tv\/sq\/wp-json\/wp\/v2\/posts\/123654","targetHints":{"allow":["GET"]}}],"collection":[{"href":"https:\/\/zjarr.tv\/sq\/wp-json\/wp\/v2\/posts"}],"about":[{"href":"https:\/\/zjarr.tv\/sq\/wp-json\/wp\/v2\/types\/post"}],"author":[{"embeddable":true,"href":"https:\/\/zjarr.tv\/sq\/wp-json\/wp\/v2\/users\/2013"}],"replies":[{"embeddable":true,"href":"https:\/\/zjarr.tv\/sq\/wp-json\/wp\/v2\/comments?post=123654"}],"version-history":[{"count":0,"href":"https:\/\/zjarr.tv\/sq\/wp-json\/wp\/v2\/posts\/123654\/revisions"}],"wp:featuredmedia":[{"embeddable":true,"href":"https:\/\/zjarr.tv\/sq\/wp-json\/wp\/v2\/media\/119124"}],"wp:attachment":[{"href":"https:\/\/zjarr.tv\/sq\/wp-json\/wp\/v2\/media?parent=123654"}],"wp:term":[{"taxonomy":"category","embeddable":true,"href":"https:\/\/zjarr.tv\/sq\/wp-json\/wp\/v2\/categories?post=123654"},{"taxonomy":"post_tag","embeddable":true,"href":"https:\/\/zjarr.tv\/sq\/wp-json\/wp\/v2\/tags?post=123654"}],"curies":[{"name":"wp","href":"https:\/\/api.w.org\/{rel}","templated":true}]}}