{"id":123660,"date":"2020-03-11T15:49:32","date_gmt":"2020-03-11T14:49:32","guid":{"rendered":"https:\/\/zjarr.tv\/?p=123660"},"modified":"2020-03-11T15:49:32","modified_gmt":"2020-03-11T14:49:32","slug":"procedohen-12-shtetas-ne-korce","status":"publish","type":"post","link":"https:\/\/zjarr.tv\/sq\/procedohen-12-shtetas-ne-korce\/","title":{"rendered":"Procedohen 12 shtetas n\u00eb Kor\u00e7\u00eb"},"content":{"rendered":"<p>Procedohen 12 shtetas n\u00eb Kor\u00e7\u00eb, nga t\u00eb cil\u00ebt 2 t\u00eb arrestuar n\u00eb flagranc\u00eb dhe 10 t\u00eb tjer\u00eb n\u00eb gjendje t\u00eb lir\u00eb.<\/p>\n<p><em>\u201cOperacioni antidrog\u00eb i koduar \u201cSprinter\u201d, u finalizua pas nj\u00eb hetimi 1 mujor, p\u00ebr goditjen e shp\u00ebrndarjes s\u00eb drogave t\u00eb forta. Sekuestrohen 25 doza me l\u00ebnd\u00eb t\u00eb dyshuar narkotike heroin\u00eb, si edhe sasi metadoni.\u201d\u00a0<\/em>&#8211; njofton policia.<\/p>\n<p>Si rezultat i t\u00eb cilit u b\u00eb kapja dhe arrestimi n\u00eb flagranc\u00eb i shtetasve:<\/p>\n<p>R. L., 38 vje\u00e7 dhe J. K., 27 vje\u00e7, banues n\u00eb Kor\u00e7\u00eb.<\/p>\n<p>Si edhe filloi procedimi penal n\u00eb gjendje t\u00eb lir\u00eb edhe ndaj 10 shtetasve t\u00eb tjer\u00eb, banues n\u00eb Kor\u00e7\u00eb,<\/p>\n<p>Pogradec dhe Maliq.<\/p>\n<p>Gjat\u00eb zhvillimit t\u00eb fazave t\u00eb k\u00ebtij operacioni, u dokumentua me prova ligjore aktiviteti kriminal i<\/p>\n<p>shtetasve t\u00eb m\u00ebsip\u00ebrm, t\u00eb cil\u00ebt n\u00eb bashk\u00ebpunim me nj\u00ebri-tjetrin shp\u00ebrndanin sasi me l\u00ebnd\u00eb t\u00eb<\/p>\n<p>dyshuar narkotike t\u00eb llojit heroin\u00eb kundrejt pages\u00ebs, n\u00eb qytetin e Kor\u00e7\u00ebs.<\/p>\n","protected":false},"excerpt":{"rendered":"<p>Procedohen 12 shtetas n\u00eb Kor\u00e7\u00eb, nga t\u00eb cil\u00ebt 2 t\u00eb arrestuar n\u00eb flagranc\u00eb dhe 10 t\u00eb tjer\u00eb n\u00eb gjendje t\u00eb lir\u00eb. \u201cOperacioni antidrog\u00eb i koduar \u201cSprinter\u201d, u finalizua pas nj\u00eb hetimi 1 mujor, p\u00ebr goditjen e shp\u00ebrndarjes s\u00eb drogave t\u00eb forta. Sekuestrohen 25 doza me l\u00ebnd\u00eb t\u00eb dyshuar narkotike heroin\u00eb, si edhe sasi metadoni.\u201d\u00a0&#8211; njofton [&hellip;]<\/p>\n","protected":false},"author":2013,"featured_media":123662,"comment_status":"open","ping_status":"closed","sticky":false,"template":"","format":"standard","meta":{"footnotes":""},"categories":[241,235],"tags":[],"class_list":{"0":"post-123660","1":"post","2":"type-post","3":"status-publish","4":"format-standard","5":"has-post-thumbnail","7":"category-aktualitet","8":"category-vendi"},"_links":{"self":[{"href":"https:\/\/zjarr.tv\/sq\/wp-json\/wp\/v2\/posts\/123660","targetHints":{"allow":["GET"]}}],"collection":[{"href":"https:\/\/zjarr.tv\/sq\/wp-json\/wp\/v2\/posts"}],"about":[{"href":"https:\/\/zjarr.tv\/sq\/wp-json\/wp\/v2\/types\/post"}],"author":[{"embeddable":true,"href":"https:\/\/zjarr.tv\/sq\/wp-json\/wp\/v2\/users\/2013"}],"replies":[{"embeddable":true,"href":"https:\/\/zjarr.tv\/sq\/wp-json\/wp\/v2\/comments?post=123660"}],"version-history":[{"count":0,"href":"https:\/\/zjarr.tv\/sq\/wp-json\/wp\/v2\/posts\/123660\/revisions"}],"wp:featuredmedia":[{"embeddable":true,"href":"https:\/\/zjarr.tv\/sq\/wp-json\/wp\/v2\/media\/123662"}],"wp:attachment":[{"href":"https:\/\/zjarr.tv\/sq\/wp-json\/wp\/v2\/media?parent=123660"}],"wp:term":[{"taxonomy":"category","embeddable":true,"href":"https:\/\/zjarr.tv\/sq\/wp-json\/wp\/v2\/categories?post=123660"},{"taxonomy":"post_tag","embeddable":true,"href":"https:\/\/zjarr.tv\/sq\/wp-json\/wp\/v2\/tags?post=123660"}],"curies":[{"name":"wp","href":"https:\/\/api.w.org\/{rel}","templated":true}]}}