{"id":123675,"date":"2020-03-12T12:08:44","date_gmt":"2020-03-12T11:08:44","guid":{"rendered":"https:\/\/zjarr.tv\/?p=123675"},"modified":"2020-03-12T12:08:44","modified_gmt":"2020-03-12T11:08:44","slug":"koronavirus-italia-nis-gjobat-dhe-arrestimin-e-personave-qe-thyejne-rregullat-e-karantines","status":"publish","type":"post","link":"https:\/\/zjarr.tv\/sq\/koronavirus-italia-nis-gjobat-dhe-arrestimin-e-personave-qe-thyejne-rregullat-e-karantines\/","title":{"rendered":"Koronavirus: Italia nis gjobat dhe arrestimin e personave q\u00eb thyejn\u00eb rregullat e karantin\u00ebs"},"content":{"rendered":"<p>Italia po p\u00ebrballet me nj\u00eb nga situatat m\u00eb t\u00eb v\u00ebshtira t\u00eb historis\u00eb s\u00eb saj q\u00eb prej Luft\u00ebs s\u00eb Dyt\u00eb Bot\u00ebrore. I gjith\u00eb vendi \u00ebsht\u00eb n\u00eb karantin\u00eb, jeta publike \u00ebsht\u00eb paralizuar e gjitha, aktiviteti ekonomik gjithashtu. Koronavirusi ka detyruar qeverin\u00eb italiane t\u00eb kufizoj\u00eb n\u00eb maksimum lirit\u00eb e qytetar\u00ebve, duke i detyruar t\u00eb q\u00ebndrojn\u00eb n\u00eb sht\u00ebpi p\u00ebr t\u00eb parandaluar p\u00ebrhapjen e koronavirusit.<\/p>\n<p>Mir\u00ebpo, jo t\u00eb gjith\u00eb i jan\u00eb bindur masave. P\u00ebr k\u00ebt\u00eb arsye, ka nisur nd\u00ebshkimi i atyre njer\u00ebzve q\u00eb l\u00ebvizin n\u00eb m\u00ebnyr\u00eb t\u00eb pa arsyeshme n\u00eb rrug\u00eb. \u201cEurone\u00ebs\u201d raporton se ka biseduar me nj\u00eb an\u00ebtar t\u00eb Dhom\u00ebs s\u00eb Deputet\u00ebve n\u00eb Itali, p\u00ebrfaq\u00ebsuese e Partis\u00eb Demokratike, \u00a0e cila \u00ebsht\u00eb shprehur se njer\u00ebzit ende vijojn\u00eb t\u00eb l\u00ebvizin t\u00eb lir\u00eb ndon\u00ebse jan\u00eb t\u00eb detyruar t\u00eb q\u00ebndrojn\u00eb n\u00eb sht\u00ebpi.<\/p>\n<p>\u201cNe kemi par\u00eb shum\u00eb njer\u00ebz q\u00eb ende l\u00ebvizin. Ata duhet t\u00eb q\u00ebndrojn\u00eb n\u00eb sht\u00ebpi. Ky mesazh \u00ebsht\u00eb b\u00ebr\u00eb i qart\u00eb\u201d, \u00ebsht\u00eb shprehur Qartapelle. \u201c\u00cbsht\u00eb e v\u00ebshtir\u00eb n\u00eb nj\u00eb vend demokratik t`i b\u00ebsh njer\u00ebzit t\u00eb heqin dor\u00eb nga liria\u201d. Ajo gjithashtu i ka konfirmuar medias nd\u00ebrkomb\u00ebtare se \u201cnjer\u00ebzit jan\u00eb arrestuar\u201d, duke treguar shembullin e dy miqve nga Roma dhe Milano.<\/p>\n","protected":false},"excerpt":{"rendered":"<p>Italia po p\u00ebrballet me nj\u00eb nga situatat m\u00eb t\u00eb v\u00ebshtira t\u00eb historis\u00eb s\u00eb saj q\u00eb prej Luft\u00ebs s\u00eb Dyt\u00eb Bot\u00ebrore. I gjith\u00eb vendi \u00ebsht\u00eb n\u00eb karantin\u00eb, jeta publike \u00ebsht\u00eb paralizuar e gjitha, aktiviteti ekonomik gjithashtu. Koronavirusi ka detyruar qeverin\u00eb italiane t\u00eb kufizoj\u00eb n\u00eb maksimum lirit\u00eb e qytetar\u00ebve, duke i detyruar t\u00eb q\u00ebndrojn\u00eb n\u00eb sht\u00ebpi p\u00ebr [&hellip;]<\/p>\n","protected":false},"author":2013,"featured_media":123676,"comment_status":"open","ping_status":"closed","sticky":false,"template":"","format":"standard","meta":{"footnotes":""},"categories":[241,235],"tags":[],"class_list":{"0":"post-123675","1":"post","2":"type-post","3":"status-publish","4":"format-standard","5":"has-post-thumbnail","7":"category-aktualitet","8":"category-vendi"},"_links":{"self":[{"href":"https:\/\/zjarr.tv\/sq\/wp-json\/wp\/v2\/posts\/123675","targetHints":{"allow":["GET"]}}],"collection":[{"href":"https:\/\/zjarr.tv\/sq\/wp-json\/wp\/v2\/posts"}],"about":[{"href":"https:\/\/zjarr.tv\/sq\/wp-json\/wp\/v2\/types\/post"}],"author":[{"embeddable":true,"href":"https:\/\/zjarr.tv\/sq\/wp-json\/wp\/v2\/users\/2013"}],"replies":[{"embeddable":true,"href":"https:\/\/zjarr.tv\/sq\/wp-json\/wp\/v2\/comments?post=123675"}],"version-history":[{"count":0,"href":"https:\/\/zjarr.tv\/sq\/wp-json\/wp\/v2\/posts\/123675\/revisions"}],"wp:featuredmedia":[{"embeddable":true,"href":"https:\/\/zjarr.tv\/sq\/wp-json\/wp\/v2\/media\/123676"}],"wp:attachment":[{"href":"https:\/\/zjarr.tv\/sq\/wp-json\/wp\/v2\/media?parent=123675"}],"wp:term":[{"taxonomy":"category","embeddable":true,"href":"https:\/\/zjarr.tv\/sq\/wp-json\/wp\/v2\/categories?post=123675"},{"taxonomy":"post_tag","embeddable":true,"href":"https:\/\/zjarr.tv\/sq\/wp-json\/wp\/v2\/tags?post=123675"}],"curies":[{"name":"wp","href":"https:\/\/api.w.org\/{rel}","templated":true}]}}