{"id":123681,"date":"2020-03-12T12:11:49","date_gmt":"2020-03-12T11:11:49","guid":{"rendered":"https:\/\/zjarr.tv\/?p=123681"},"modified":"2020-03-12T12:11:49","modified_gmt":"2020-03-12T11:11:49","slug":"kolegji-i-apelimit-shkarkon-prokurorin-arben-dollapaj-klp-mbetet-me-9-anetare","status":"publish","type":"post","link":"https:\/\/zjarr.tv\/sq\/kolegji-i-apelimit-shkarkon-prokurorin-arben-dollapaj-klp-mbetet-me-9-anetare\/","title":{"rendered":"Kolegji i Apelimit shkarkon prokurorin Arben Dollapaj, KLP mbetet me 9 an\u00ebtar\u00eb"},"content":{"rendered":"<p>Kolegji i Posa\u00e7\u00ebm i Apelimit ka shkarkuar nga detyra prokurorin Arben Dollapaj, i cili mbante dhe detyr\u00ebn e an\u00ebtarit t\u00eb K\u00ebshillit t\u00eb Lart\u00eb t\u00eb Prokuroris\u00eb. KPA argumenton se \u201c<em>N\u00eb lidhje me shkaqet e ankimit mbi pasurin\u00eb sht\u00ebpi banimi n\u00eb fshatin Valbon\u00eb\/Tropoj\u00eb sipas kontrat\u00ebs akt\/marr\u00ebveshje p\u00ebr bashk\u00ebinvestim (p\u00ebr rikonstruksion) dhe bashk\u00ebpron\u00ebsi, Kolegji vler\u00ebson se subjekti i rivler\u00ebsimit, nuk ka deklaruar n\u00eb deklarat\u00ebn vetting, n\u00eb m\u00ebnyr\u00eb t\u00eb plot\u00eb dhe t\u00eb sakt\u00eb vler\u00ebn e investimit t\u00eb sip\u00ebrfaqes nd\u00ebrtimore, dhe destinacionin, duke u ndodhur n\u00eb kushtet e deklarimit t\u00eb paplot\u00eb, t\u00eb pasakt\u00eb dhe t\u00eb pamjaftuesh\u00ebm t\u00eb pasuris\u00eb<\/em>\u201d.<\/p>\n<p>Gjithashtu, Kolegji i Posa\u00e7\u00ebm i Apelimit shprehet se subjekti i rivler\u00ebsimit nuk ka deklaruar n\u00eb m\u00ebnyr\u00eb t\u00eb sakt\u00eb nj\u00eb pasuri sht\u00ebpi banimi me sip\u00ebrfaqe 113 m2. \u201c<em>N\u00eb lidhje me pasurin\u00eb sht\u00ebpi banimi me sip. nd\u00ebrtimi 113 m2, Kolegji vler\u00ebson se subjekti i rivler\u00ebsimit, nuk ka deklaruar n\u00eb deklarat\u00ebn vetting, n\u00eb m\u00ebnyr\u00eb t\u00eb sakt\u00eb, t\u00eb plot\u00eb dhe t\u00eb mjaftueshme, shtes\u00ebn n\u00eb katin e tret\u00eb n\u00eb k\u00ebt\u00eb sht\u00ebpi, dhe nuk ka justifikuar me burime t\u00eb ligjshme krijimin e k\u00ebsaj pasurie\u201d,\u00a0<\/em>shkruan n\u00eb deklarat\u00ebn e tij Kolegji i Posa\u00e7\u00ebm i Apelimit.<\/p>\n<p>P\u00ebr k\u00ebt\u00eb arsye, Kolegji i Posa\u00e7\u00ebm i Apelimit vendosi: \u201c<em>Ndryshimin e vendimit nr. 63 dat\u00eb 06.08.2018, t\u00eb Komisionit t\u00eb Pavarur t\u00eb Kualifikimit, dhe shkarkimin nga detyra t\u00eb subjektit t\u00eb rivler\u00ebsimit, z. Arben Dollapaj, prokuror, n\u00eb momentin e fillimit t\u00eb procesit t\u00eb rivler\u00ebsimit, an\u00ebtar i K\u00ebshillit t\u00eb Lart\u00eb t\u00eb Prokuroris\u00eb n\u00eb momentin e shpalljes s\u00eb k\u00ebtij vendimi. 2. Ky vendim \u00ebsht\u00eb p\u00ebrfundimtar dhe ka efekt t\u00eb menj\u00ebhersh\u00ebm\u201d<\/em>.<\/p>\n<p>Nd\u00ebrkoh\u00eb, K\u00ebshilli i Lart\u00eb i Prokuroris\u00eb mbetet me 9 an\u00ebtar\u00eb, pasi Arben Dollapaj ishte pjes\u00eb e KLP. Vet\u00ebm pak dit\u00eb m\u00eb par\u00eb, KPA shkarkoi nga detyra edhe nj\u00eb tjet\u00ebr ish-prokuror an\u00ebtar t\u00eb KLP, Besnik Canin, duke b\u00ebr\u00eb q\u00eb tashm\u00eb ky institucion t\u00eb ket\u00eb dy vakanca p\u00ebr an\u00ebtar\u00ebt q\u00eb vijn\u00eb nga radh\u00ebt e prokuror\u00ebve.<\/p>\n","protected":false},"excerpt":{"rendered":"<p>Kolegji i Posa\u00e7\u00ebm i Apelimit ka shkarkuar nga detyra prokurorin Arben Dollapaj, i cili mbante dhe detyr\u00ebn e an\u00ebtarit t\u00eb K\u00ebshillit t\u00eb Lart\u00eb t\u00eb Prokuroris\u00eb. KPA argumenton se \u201cN\u00eb lidhje me shkaqet e ankimit mbi pasurin\u00eb sht\u00ebpi banimi n\u00eb fshatin Valbon\u00eb\/Tropoj\u00eb sipas kontrat\u00ebs akt\/marr\u00ebveshje p\u00ebr bashk\u00ebinvestim (p\u00ebr rikonstruksion) dhe bashk\u00ebpron\u00ebsi, Kolegji vler\u00ebson se subjekti i [&hellip;]<\/p>\n","protected":false},"author":2013,"featured_media":123682,"comment_status":"open","ping_status":"closed","sticky":false,"template":"","format":"standard","meta":{"footnotes":""},"categories":[241,235],"tags":[],"class_list":{"0":"post-123681","1":"post","2":"type-post","3":"status-publish","4":"format-standard","5":"has-post-thumbnail","7":"category-aktualitet","8":"category-vendi"},"_links":{"self":[{"href":"https:\/\/zjarr.tv\/sq\/wp-json\/wp\/v2\/posts\/123681","targetHints":{"allow":["GET"]}}],"collection":[{"href":"https:\/\/zjarr.tv\/sq\/wp-json\/wp\/v2\/posts"}],"about":[{"href":"https:\/\/zjarr.tv\/sq\/wp-json\/wp\/v2\/types\/post"}],"author":[{"embeddable":true,"href":"https:\/\/zjarr.tv\/sq\/wp-json\/wp\/v2\/users\/2013"}],"replies":[{"embeddable":true,"href":"https:\/\/zjarr.tv\/sq\/wp-json\/wp\/v2\/comments?post=123681"}],"version-history":[{"count":0,"href":"https:\/\/zjarr.tv\/sq\/wp-json\/wp\/v2\/posts\/123681\/revisions"}],"wp:featuredmedia":[{"embeddable":true,"href":"https:\/\/zjarr.tv\/sq\/wp-json\/wp\/v2\/media\/123682"}],"wp:attachment":[{"href":"https:\/\/zjarr.tv\/sq\/wp-json\/wp\/v2\/media?parent=123681"}],"wp:term":[{"taxonomy":"category","embeddable":true,"href":"https:\/\/zjarr.tv\/sq\/wp-json\/wp\/v2\/categories?post=123681"},{"taxonomy":"post_tag","embeddable":true,"href":"https:\/\/zjarr.tv\/sq\/wp-json\/wp\/v2\/tags?post=123681"}],"curies":[{"name":"wp","href":"https:\/\/api.w.org\/{rel}","templated":true}]}}