{"id":123689,"date":"2020-03-12T12:16:13","date_gmt":"2020-03-12T11:16:13","guid":{"rendered":"https:\/\/zjarr.tv\/?p=123689"},"modified":"2020-03-12T12:16:13","modified_gmt":"2020-03-12T11:16:13","slug":"masat-drastike-per-levizjen-ne-fundjave-rama-e-quan-shtetrrethim-mediat-te-akreditojne-mjetet-prane-policise","status":"publish","type":"post","link":"https:\/\/zjarr.tv\/sq\/masat-drastike-per-levizjen-ne-fundjave-rama-e-quan-shtetrrethim-mediat-te-akreditojne-mjetet-prane-policise\/","title":{"rendered":"Masat drastike p\u00ebr l\u00ebvizjen n\u00eb fundjav\u00eb, Rama e quan \u2018shtetrrethim\u2019: Mediat t\u00eb akreditojn\u00eb mjetet pran\u00eb Policis\u00eb"},"content":{"rendered":"<p>Pasi vendosi q\u00eb Tirana dhe Durr\u00ebsi t\u00eb vendoseshin n\u00eb karantin\u00eb p\u00ebr 3 dit\u00eb p\u00ebr shkak t\u00eb koronavirusit, vjen nj\u00eb tjet\u00ebr mesazh nga kryeministrit Edi Rama. P\u00ebrmes nj\u00eb mesazhi n\u00eb \u201cFacebook\u201d thekson se t\u00eb gjith\u00eb automjetet e mediave audiovizive duhet t\u00eb akreditojn\u00eb automjetet e trupave t\u00eb tyre gjat\u00eb \u2018shtetrrethimit\u2019.<\/p>\n<p><strong>MESAZHI I RAMES<\/strong><br \/>\n\ud83d\udd34 P\u00cbR T\u00cb KRYER SH\u00cbRBIMET E TYRE INFORMATIVE GJAT\u00cb \u201cSHTET-RRETHIMIT\u201d T\u00cb FUNDJAV\u00cbS BRENDA PERIMETRIT TR-DR MEDIAT TELEVIZIVE DUHET T\u00cb AKREDITOJN\u00cb AUTOMJETET E TRUPAVE T\u00cb TYRE, PRAN\u00cb DREJTORIS\u00cb S\u00cb P\u00cbRGJITHSHME T\u00cb POLICIS\u00cb S\u00cb SHTETIT N\u00cb TIRAN\u00cb<\/p>\n<div id=\"pa_1x1_psbk_1584011735714\"><\/div>\n<p>\ud83d\udd34 NDJES\u00cb 1000 HER\u00cb PO KJO LUFT\u00cb NUK FITOHET NDRYSHE\ud83d\ude4f<\/p>\n","protected":false},"excerpt":{"rendered":"<p>Pasi vendosi q\u00eb Tirana dhe Durr\u00ebsi t\u00eb vendoseshin n\u00eb karantin\u00eb p\u00ebr 3 dit\u00eb p\u00ebr shkak t\u00eb koronavirusit, vjen nj\u00eb tjet\u00ebr mesazh nga kryeministrit Edi Rama. P\u00ebrmes nj\u00eb mesazhi n\u00eb \u201cFacebook\u201d thekson se t\u00eb gjith\u00eb automjetet e mediave audiovizive duhet t\u00eb akreditojn\u00eb automjetet e trupave t\u00eb tyre gjat\u00eb \u2018shtetrrethimit\u2019. MESAZHI I RAMES \ud83d\udd34 P\u00cbR T\u00cb KRYER [&hellip;]<\/p>\n","protected":false},"author":2013,"featured_media":123690,"comment_status":"open","ping_status":"closed","sticky":false,"template":"","format":"standard","meta":{"footnotes":""},"categories":[241,235],"tags":[],"class_list":{"0":"post-123689","1":"post","2":"type-post","3":"status-publish","4":"format-standard","5":"has-post-thumbnail","7":"category-aktualitet","8":"category-vendi"},"_links":{"self":[{"href":"https:\/\/zjarr.tv\/sq\/wp-json\/wp\/v2\/posts\/123689","targetHints":{"allow":["GET"]}}],"collection":[{"href":"https:\/\/zjarr.tv\/sq\/wp-json\/wp\/v2\/posts"}],"about":[{"href":"https:\/\/zjarr.tv\/sq\/wp-json\/wp\/v2\/types\/post"}],"author":[{"embeddable":true,"href":"https:\/\/zjarr.tv\/sq\/wp-json\/wp\/v2\/users\/2013"}],"replies":[{"embeddable":true,"href":"https:\/\/zjarr.tv\/sq\/wp-json\/wp\/v2\/comments?post=123689"}],"version-history":[{"count":0,"href":"https:\/\/zjarr.tv\/sq\/wp-json\/wp\/v2\/posts\/123689\/revisions"}],"wp:featuredmedia":[{"embeddable":true,"href":"https:\/\/zjarr.tv\/sq\/wp-json\/wp\/v2\/media\/123690"}],"wp:attachment":[{"href":"https:\/\/zjarr.tv\/sq\/wp-json\/wp\/v2\/media?parent=123689"}],"wp:term":[{"taxonomy":"category","embeddable":true,"href":"https:\/\/zjarr.tv\/sq\/wp-json\/wp\/v2\/categories?post=123689"},{"taxonomy":"post_tag","embeddable":true,"href":"https:\/\/zjarr.tv\/sq\/wp-json\/wp\/v2\/tags?post=123689"}],"curies":[{"name":"wp","href":"https:\/\/api.w.org\/{rel}","templated":true}]}}