{"id":123696,"date":"2020-03-12T13:48:04","date_gmt":"2020-03-12T12:48:04","guid":{"rendered":"https:\/\/zjarr.tv\/?p=123696"},"modified":"2020-03-12T13:48:04","modified_gmt":"2020-03-12T12:48:04","slug":"neser-administrata-pushim-rama-kush-udheton-drejt-rinasit-do-te-tregoje-bileten-e-fluturimit-te-policia","status":"publish","type":"post","link":"https:\/\/zjarr.tv\/sq\/neser-administrata-pushim-rama-kush-udheton-drejt-rinasit-do-te-tregoje-bileten-e-fluturimit-te-policia\/","title":{"rendered":"Nes\u00ebr administrata pushim, Rama: Kush udh\u00ebton drejt Rinasit do t\u00eb tregoj\u00eb bilet\u00ebn e fluturimit te policia"},"content":{"rendered":"<p>T\u00eb premten punonj\u00ebsit e administrat\u00ebs shtet\u00ebrore do t\u00eb jen\u00eb pushim. Lajmin e dha Kryeministri Edi Rama n\u00eb rrjetet sociale, nd\u00ebrsa shkruan se punonj\u00ebsit q\u00eb do t\u00eb kryejn\u00eb detyra shtet\u00ebrore do t\u00eb duhet t\u00eb akreditohen pran\u00eb Drejtoris\u00eb s\u00eb Policis\u00eb.<\/p>\n<p><em>\u201cNes\u00ebr administrata shtet\u00ebrore do t\u00eb jet\u00eb pushim P\u00ebr kryerjen e detyr\u00ebs n\u00eb sh\u00ebrbimet shtet\u00ebrore ose publike brenda perimetrit tr-dr, gjat\u00eb periudh\u00ebs s\u00eb \u201cshtet-rrethimit\u201d t\u00eb fundjav\u00ebs, punonj\u00ebsit e aerportit apo t\u00eb institucioneve t\u00eb tjera shtet\u00ebrore q\u00eb kryejn\u00eb funksione t\u00eb domosdoshme dhe e kan\u00eb t\u00eb pamundur l\u00ebvizjen n\u00eb k\u00ebmb\u00eb, duhet t\u00eb akreditohen pran\u00eb drejtoris\u00eb s\u00eb p\u00ebrgjithshme t\u00eb policis\u00eb s\u00eb shtetit, em\u00ebr p\u00ebr em\u00ebr\u201d<\/em>, shkruan Rama.<\/p>\n<p>Nd\u00ebrkoh\u00eb, Rama paralajm\u00ebron k\u00ebdo nga personat q\u00eb do t\u00eb p\u00ebrdor automjetet publike duke transportuar persona t\u00eb tjer\u00eb q\u00eb s`kan\u00eb lidhje me detyr\u00ebn shtet\u00ebrore, do t\u00eb nd\u00ebshkohen r\u00ebnd\u00eb.<\/p>\n<p>\u201c<em>Marrja n\u00eb automjetin e pun\u00ebs e personave t\u00eb familjes apo personave t\u00eb tjer\u00eb q\u00eb s\u2019kan\u00eb lidhje me detyr\u00ebn shtet\u00ebrore \u00ebsht\u00eb rrept\u00ebsisht e ndaluar dhe do t\u00eb nd\u00ebshkohet me sanksione t\u00eb r\u00ebnda. P\u00ebr vajtje &#8211; ardhjet nga aeroporti drejtuesi i automjetit duhet t\u2019i tregoj\u00eb post-bllokut, biletat e fluturimit t\u00eb personave q\u00eb do t\u00eb largohen apo foton e biletave t\u00eb personave q\u00eb do t\u00eb mb\u00ebrrijn\u00eb. Frik\u00eb aspak, kujdes po! Shum\u00eb fare\u201d<\/em>, shkruan Rama.<\/p>\n","protected":false},"excerpt":{"rendered":"<p>T\u00eb premten punonj\u00ebsit e administrat\u00ebs shtet\u00ebrore do t\u00eb jen\u00eb pushim. Lajmin e dha Kryeministri Edi Rama n\u00eb rrjetet sociale, nd\u00ebrsa shkruan se punonj\u00ebsit q\u00eb do t\u00eb kryejn\u00eb detyra shtet\u00ebrore do t\u00eb duhet t\u00eb akreditohen pran\u00eb Drejtoris\u00eb s\u00eb Policis\u00eb. \u201cNes\u00ebr administrata shtet\u00ebrore do t\u00eb jet\u00eb pushim P\u00ebr kryerjen e detyr\u00ebs n\u00eb sh\u00ebrbimet shtet\u00ebrore ose publike brenda [&hellip;]<\/p>\n","protected":false},"author":2013,"featured_media":123697,"comment_status":"open","ping_status":"closed","sticky":false,"template":"","format":"standard","meta":{"footnotes":""},"categories":[241,235],"tags":[],"class_list":{"0":"post-123696","1":"post","2":"type-post","3":"status-publish","4":"format-standard","5":"has-post-thumbnail","7":"category-aktualitet","8":"category-vendi"},"_links":{"self":[{"href":"https:\/\/zjarr.tv\/sq\/wp-json\/wp\/v2\/posts\/123696","targetHints":{"allow":["GET"]}}],"collection":[{"href":"https:\/\/zjarr.tv\/sq\/wp-json\/wp\/v2\/posts"}],"about":[{"href":"https:\/\/zjarr.tv\/sq\/wp-json\/wp\/v2\/types\/post"}],"author":[{"embeddable":true,"href":"https:\/\/zjarr.tv\/sq\/wp-json\/wp\/v2\/users\/2013"}],"replies":[{"embeddable":true,"href":"https:\/\/zjarr.tv\/sq\/wp-json\/wp\/v2\/comments?post=123696"}],"version-history":[{"count":0,"href":"https:\/\/zjarr.tv\/sq\/wp-json\/wp\/v2\/posts\/123696\/revisions"}],"wp:featuredmedia":[{"embeddable":true,"href":"https:\/\/zjarr.tv\/sq\/wp-json\/wp\/v2\/media\/123697"}],"wp:attachment":[{"href":"https:\/\/zjarr.tv\/sq\/wp-json\/wp\/v2\/media?parent=123696"}],"wp:term":[{"taxonomy":"category","embeddable":true,"href":"https:\/\/zjarr.tv\/sq\/wp-json\/wp\/v2\/categories?post=123696"},{"taxonomy":"post_tag","embeddable":true,"href":"https:\/\/zjarr.tv\/sq\/wp-json\/wp\/v2\/tags?post=123696"}],"curies":[{"name":"wp","href":"https:\/\/api.w.org\/{rel}","templated":true}]}}