{"id":123699,"date":"2020-03-12T13:49:17","date_gmt":"2020-03-12T12:49:17","guid":{"rendered":"https:\/\/zjarr.tv\/?p=123699"},"modified":"2020-03-12T13:49:17","modified_gmt":"2020-03-12T12:49:17","slug":"koronavirusi-nga-neser-tirana-durresi-elbasani-shkodra-lushnja-fieri-e-vlora-ne-shtet-rrethim-2","status":"publish","type":"post","link":"https:\/\/zjarr.tv\/sq\/koronavirusi-nga-neser-tirana-durresi-elbasani-shkodra-lushnja-fieri-e-vlora-ne-shtet-rrethim-2\/","title":{"rendered":"Koronavirusi: Nga nes\u00ebr Tirana, Durr\u00ebsi, Elbasani, Shkodra, Lushnja, Fieri e Vlora n\u00eb &#8220;shtet-rrethim&#8221;"},"content":{"rendered":"<p>Duke nisur nga nes\u00ebr n\u00eb or\u00ebn 06:00 t\u00eb m\u00ebngjesit, do t\u00eb futet n\u00eb fuqi vendimi p\u00ebr t\u00eb ndaluar qarkullimin e mjeteve private n\u00eb disa qytete t\u00eb vendit. Lajmin e dha Kryeministri Edi Rama, i cili thot\u00eb se ndalimi i qarkullimit t\u00eb do t\u00eb b\u00ebhet deri t\u00eb diel\u00ebn n\u00eb mesnat\u00eb.<\/p>\n<p>Do t\u00eb l\u00ebvizin vet\u00ebm mjetet shtet\u00ebrore, autoambulanca dhe automjetetet q\u00eb kryejn\u00eb sh\u00ebrbime publike.<\/p>\n<p>Rama shprehet se k\u00ebto jan\u00eb masa t\u00eb domosdoshme p\u00ebr t\u00eb mbrojtur jet\u00ebn e qytetar\u00ebve.<\/p>\n<p><strong>Edi Rama:<\/strong>\u00a0<em>Ndjes\u00eb 1000 her\u00eb, po kjo luft\u00eb nuk fitohet ndryshe. Nga e premtja n\u00eb 06:00 deri t\u00eb diel\u00ebn n\u00eb mesnat\u00eb do t\u00eb mbyllet qarkullimi i automjeteve private dhe atyre t\u00eb transportit nd\u00ebrurban, drejt Tiran\u00ebs dhe Durr\u00ebsit apo anasjelltas nga Tirana dhe Durr\u00ebsi drejt zonave t\u00eb tjera t\u00eb vendit. Nga e premtja n\u00eb 06:00 deri t\u00eb diel\u00ebn n\u00eb mesnat\u00eb do t\u00eb mbyllet qarkullimi i automjeteve private n\u00eb<strong>\u00a0Tiran\u00eb e Durr\u00ebs<\/strong>, si dhe transporti nd\u00ebrurban mes Tiran\u00ebs e Durr\u00ebsit. Nga e premtja n\u00eb 06:00 deri t\u00eb diel\u00ebn n\u00eb mesnat\u00eb do t\u00eb mbyllet qarkullimi i automjeteve private dhe private dhe urban\u00ebve n\u00eb<strong>\u00a0Shkod\u00ebr, Lezh\u00eb, Elbasan, Lushnje, Fier dhe Vlor\u00eb.<\/strong><\/em><\/p>\n<p><em>Qarkullimi n\u00eb k\u00ebto territore do t\u00eb jet\u00eb i hapur vet\u00ebm p\u00ebr autoambulancat, automjetet q\u00eb kryejn\u00eb funksione sh\u00ebrbimi shtet\u00ebror dhe ato q\u00eb transportojn\u00eb mallra. K\u00ebto masa ekstreme kufizimi t\u00eb liris\u00eb s\u00eb qarkullimit jan\u00eb domosdoshm\u00ebri p\u00ebr t\u00eb mbrojtur \u00e7do qytetar, \u00e7do familje dhe vet\u00eb Shqip\u00ebrin\u00eb nga p\u00ebrshkall\u00ebzimi agresiv i sulmit t\u00eb koronavirusit mbi ne dhe t\u00eb af\u00ebrmit e t\u00eb njohurit tan\u00eb.\u00a0<\/em><\/p>\n<p><em>Ky \u00ebsht\u00eb nj\u00eb \u201cgrip\u201d q\u00eb do t\u00eb prek\u00eb shum\u00eb prej nesh! 80% e atyre q\u00eb do t\u00eb preken do ta kalojn\u00eb pa asnj\u00eb shenj\u00eb. Kjo do t\u00eb thot\u00eb se gjithkush nga ne mund ta ket\u00eb, prandaj edhe spe nuk ndjejm\u00eb asgj\u00eb, na takon t\u00eb gjith\u00ebve t\u00eb mbrojm\u00eb t\u00eb moshuarit e t\u00eb s\u00ebmur\u00ebt rrotull nes, sepse po e transmetuam tek ata u kemi \u201cb\u00ebr\u00eb peshqesh\u201d nj\u00eb hall t\u00eb madh.<\/em><\/p>\n<p><em>Nd\u00ebr ata q\u00eb kan\u00eb shenja, jan\u00eb shum\u00eb m\u00eb pak ata q\u00eb b\u00ebhen p\u00ebr spital, sepse shumica e kalon me sikletin e nj\u00eb gripi t\u00eb zakonsh\u00ebm dhe prej atyre q\u00eb p\u00ebrfundojn\u00eb n\u00eb spital shumica sh\u00ebrohen, por prap\u00ebseprap\u00eb askush nga nenuk mund dhe nuk duhet t\u00eb ver\u00eb bast me probabilitetin tejet t\u00eb ul\u00ebt q\u00eb ai\/ajo apo i af\u00ebrmi i tij\/saj t\u00eb hyj\u00eb tek ata q\u00eb mund t\u00eb mubasin edhe jet\u00ebn! N\u00eb asnj\u00eb m\u00ebnyr\u00eb jo. Kurr\u00ebn e kurr\u00ebs!<\/em><\/p>\n<p><em>Frik\u00eb aspak, kujdes po! Shum\u00eb fare madje!<\/em><\/p>\n<p><em>Kam besim: nuk kemi n\u00eb dor\u00eb ta vrasim armikun e paduksh\u00ebm q\u00eb na rrotullohet t\u00eb gjith\u00ebve, duke k\u00ebrkuar pengje n\u00eb sht\u00ebpit\u00eb tona, po kemi n\u00eb dor\u00eb ta lodhim derisa ta mundim duke ndihmuar nj\u00ebri-tjetrin dhe me ndihm\u00ebn e Zotit, t\u00eb diellit e t\u00eb rritjes s\u00eb temperaturave.\u00a0<\/em><\/p>\n<p><em>P\u00ebrve\u00e7 vet\u00ebdij\u00ebsimit sa m\u00eb t\u00eb shpejt\u00eb, t\u00eb kufizimit sa m\u00eb drastik t\u00eb l\u00ebvizjeve t\u00eb p\u00ebrditshme, respektimit t\u00eb k\u00ebshillave t\u00eb autoriteteve sh\u00ebndet\u00ebsore dhe solidaritetetit kumb\u00ebtar, duke u b\u00ebr\u00eb nj\u00ebsh shtet\/qytetar\u00eb, asgj\u00eb tjet\u00ebr s`na duhet edhe asgj\u00eb tjet\u00ebr s`na ndihmon dot. Besim motra e v\u00ebllez\u00ebr besim, ne do ta mundim koron\u00ebn dhe do t\u00eb dalim m\u00eb t\u00eb fort\u00eb nga kjo luft\u00eb si\u00e7 dol\u00ebm nga goditja e tmerrshme e t\u00ebrmetit.\u00a0<\/em><\/p>\n<p><strong>Mediat<\/strong><\/p>\n<p>Nd\u00ebrkoh\u00eb, Kryeministri Edi Rama u b\u00ebri thirrje dhe medieve t\u00eb akreditojn\u00eb mjetet e tyre pran\u00eb Drejtoris\u00eb s\u00eb Policis\u00eb s\u00eb Tiran\u00ebs, me q\u00ebllim q\u00eb t\u00eb mund t\u00eb l\u00ebvizin p\u00ebr t\u00eb kryer sh\u00ebrbimet e tyre.<\/p>\n<p>\u201c<em>P\u00ebr t\u00eb kryer sh\u00ebrbimet e tyre informative gjat\u00eb \u201cshtet-rrethimit\u201d t\u00eb fundjav\u00ebs brenda perimetrit tr-dr \u00a0mediat televizive duhet t\u00eb akreditojn\u00eb automjetet e trupave t\u00eb tyre, pran\u00eb Drejtoris\u00eb s\u00eb P\u00ebrgjithshme t\u00eb Policis\u00eb s\u00eb Shtetit n\u00eb Tiran\u00eb. Ndjes\u00eb 1000 her\u00eb po kjo luft\u00eb nuk fitohet ndryshe<\/em>\u201d, thot\u00eb Rama, i cili p\u00ebrdor edhe fjal\u00ebn \u201cshtet-rrethim\u201d.<\/p>\n<p><em>\u00a0<\/em><\/p>\n","protected":false},"excerpt":{"rendered":"<p>Duke nisur nga nes\u00ebr n\u00eb or\u00ebn 06:00 t\u00eb m\u00ebngjesit, do t\u00eb futet n\u00eb fuqi vendimi p\u00ebr t\u00eb ndaluar qarkullimin e mjeteve private n\u00eb disa qytete t\u00eb vendit. Lajmin e dha Kryeministri Edi Rama, i cili thot\u00eb se ndalimi i qarkullimit t\u00eb do t\u00eb b\u00ebhet deri t\u00eb diel\u00ebn n\u00eb mesnat\u00eb. Do t\u00eb l\u00ebvizin vet\u00ebm mjetet shtet\u00ebrore, [&hellip;]<\/p>\n","protected":false},"author":2013,"featured_media":123700,"comment_status":"open","ping_status":"closed","sticky":false,"template":"","format":"standard","meta":{"footnotes":""},"categories":[241,235],"tags":[],"class_list":{"0":"post-123699","1":"post","2":"type-post","3":"status-publish","4":"format-standard","5":"has-post-thumbnail","7":"category-aktualitet","8":"category-vendi"},"_links":{"self":[{"href":"https:\/\/zjarr.tv\/sq\/wp-json\/wp\/v2\/posts\/123699","targetHints":{"allow":["GET"]}}],"collection":[{"href":"https:\/\/zjarr.tv\/sq\/wp-json\/wp\/v2\/posts"}],"about":[{"href":"https:\/\/zjarr.tv\/sq\/wp-json\/wp\/v2\/types\/post"}],"author":[{"embeddable":true,"href":"https:\/\/zjarr.tv\/sq\/wp-json\/wp\/v2\/users\/2013"}],"replies":[{"embeddable":true,"href":"https:\/\/zjarr.tv\/sq\/wp-json\/wp\/v2\/comments?post=123699"}],"version-history":[{"count":0,"href":"https:\/\/zjarr.tv\/sq\/wp-json\/wp\/v2\/posts\/123699\/revisions"}],"wp:featuredmedia":[{"embeddable":true,"href":"https:\/\/zjarr.tv\/sq\/wp-json\/wp\/v2\/media\/123700"}],"wp:attachment":[{"href":"https:\/\/zjarr.tv\/sq\/wp-json\/wp\/v2\/media?parent=123699"}],"wp:term":[{"taxonomy":"category","embeddable":true,"href":"https:\/\/zjarr.tv\/sq\/wp-json\/wp\/v2\/categories?post=123699"},{"taxonomy":"post_tag","embeddable":true,"href":"https:\/\/zjarr.tv\/sq\/wp-json\/wp\/v2\/tags?post=123699"}],"curies":[{"name":"wp","href":"https:\/\/api.w.org\/{rel}","templated":true}]}}