{"id":123705,"date":"2020-03-12T13:51:59","date_gmt":"2020-03-12T12:51:59","guid":{"rendered":"https:\/\/zjarr.tv\/?p=123705"},"modified":"2020-03-12T13:51:59","modified_gmt":"2020-03-12T12:51:59","slug":"zevendesministrja-e-shendetesise-kush-nuk-karantinohet-ne-shtepi-do-shkoje-ne-karantinen-e-shtetit-kur-merrni-127-rrini-ne-linje","status":"publish","type":"post","link":"https:\/\/zjarr.tv\/sq\/zevendesministrja-e-shendetesise-kush-nuk-karantinohet-ne-shtepi-do-shkoje-ne-karantinen-e-shtetit-kur-merrni-127-rrini-ne-linje\/","title":{"rendered":"Z\u00ebvend\u00ebsministrja e Sh\u00ebndet\u00ebsis\u00eb: Kush nuk karantinohet n\u00eb sht\u00ebpi, do shkoj\u00eb n\u00eb karantin\u00ebn e shtetit. Kur merrni 127, rrini n\u00eb linj\u00eb"},"content":{"rendered":"<p>Z\u00ebvend\u00ebsministrja e Sh\u00ebndet\u00ebsis\u00eb Mira Rakacolli iu p\u00ebrgjigjur mediave n\u00eb lidhje me situat\u00ebn ndaj koronavirusit. Rakacolli tha se n\u00eb katin e par\u00eb t\u00eb Infektivit jan\u00eb p\u00ebr momentin t\u00eb s\u00ebmur\u00ebt me COVID-19, nd\u00ebrsa n\u00eb 2 katet e tjera jan\u00eb 4 pacient\u00eb. Ajo theksoi se n\u00ebse do ket\u00eb shtim t\u00eb rasteve Infektivit do kthehet n\u00eb nj\u00eb spital COVID.<\/p>\n<p>\u201cSpitali infektiv q\u00ebkur \u00ebsht\u00eb nd\u00ebrtuar \u00ebsht\u00eb nd\u00ebrtuar me konceptin e spitaleve infektive. Q\u00eb do t\u00eb thot\u00eb q\u00eb n\u00eb t\u00eb nj\u00ebjt\u00ebn koh\u00eb n\u00eb spital mund t\u00eb ket\u00eb s\u00ebmundje q\u00eb transmetohen nga njeri tek tjetri. P\u00ebr k\u00ebt\u00eb arsye katet jan\u00eb t\u00ebr\u00ebsisht t\u00eb izoluara, hyrje t\u00eb ve\u00e7anta, nuk komunikojn\u00eb. Kati i par\u00eb \u00ebsht\u00eb vet\u00ebm n\u00eb dispozicion t\u00eb t\u00eb s\u00ebmur\u00ebve me COVID-19. N\u00eb dy katet e tjera p\u00ebr momentin ndodhen t\u00eb shtruar 4 pacient\u00eb t\u00eb tjer\u00eb dhe personeli mjek\u00ebsor i katit t\u00eb par\u00eb nuk ka asnj\u00eb lidhje me ta. Me shtimin e rasteve t\u00eb dyja katet e spitalit infektiv do t\u00eb shnd\u00ebrrohen n\u00eb nj\u00eb spital COVID\u201d, deklaroi Rakacolli.<\/p>\n<p>Sa i p\u00ebrket qytetar\u00ebve q\u00eb nuk mund t\u00eb vet\u00ebkarantinohen n\u00eb sht\u00ebpi ajo tha se do t\u00eb shkojn\u00eb n\u00eb karantin\u00ebn e shtetit. Lidhur me mund\u00ebsin\u00eb e vendosjes s\u00eb \u00e7adrave para spitaleve ajo tha se mund t\u00eb ndodh\u00eb n\u00ebse do ket\u00eb fluks t\u00eb prekurish.<\/p>\n<p>\u201cVendosja e \u00e7adrave p\u00ebrpara spitaleve \u00ebsht\u00eb b\u00ebr\u00eb p\u00ebr shkakun se nga fluksi i madh i njer\u00ebzve nuk \u00ebsht\u00eb mundur t\u00eb punohet brenda ambienteve t\u00eb izoluara. Ne kemi krijuar n\u00eb spital ambiente p\u00ebr t\u00eb izoluar t\u00eb s\u00ebmurin me COVID-19, n\u00ebse kemi kushte emergjence mund t\u00eb vendosim \u00e7adra\u201d, u shpreh zv.ministrja.<\/p>\n<div id=\"pa_1x1_psbk_1584017497688\"><\/div>\n<p>Ajo gjithashtu informoi se \u00ebsht\u00eb shtuar q\u00eb sot, personeli tek qendra komb\u00ebtare e urgjenc\u00ebs. \u201cKur merr n\u00eb telefon urgjenc\u00ebn, duhet me ndenj n\u00eb linj\u00eb. N\u00ebse nuk t\u00eb del dhe e mbyll telefonin dhe merr s\u00ebrish ju keni dal\u00eb nga radha. n\u00ebse urgjenca nuk p\u00ebrgjigjet, vazhdoni t\u00eb q\u00ebndroni n\u00eb linj\u00eb. Q\u00eb sot ne kemi shtuar personelin por fluksi ka qen\u00eb shum\u00eb i madh. Po b\u00ebhet gjith\u00e7ka q\u00eb kan\u00eb rekomanduar specialist\u00ebt epidemiolog\u00eb\u201d, deklaroi Rakacolli.<\/p>\n<p>E pyetur se pse jan\u00eb n\u00eb karantin\u00eb stafi i spitalit t\u00eb Durr\u00ebsit kur dol\u00ebn negativ\u00eb, ajo tha se stafi i Durr\u00ebsit ka ndjekur t\u00eb gjitha rekomandimet q\u00eb kan\u00eb dh\u00ebn\u00eb specialist\u00ebt epidemiolog\u00eb t\u00eb ISHP.<\/p>\n","protected":false},"excerpt":{"rendered":"<p>Z\u00ebvend\u00ebsministrja e Sh\u00ebndet\u00ebsis\u00eb Mira Rakacolli iu p\u00ebrgjigjur mediave n\u00eb lidhje me situat\u00ebn ndaj koronavirusit. Rakacolli tha se n\u00eb katin e par\u00eb t\u00eb Infektivit jan\u00eb p\u00ebr momentin t\u00eb s\u00ebmur\u00ebt me COVID-19, nd\u00ebrsa n\u00eb 2 katet e tjera jan\u00eb 4 pacient\u00eb. Ajo theksoi se n\u00ebse do ket\u00eb shtim t\u00eb rasteve Infektivit do kthehet n\u00eb nj\u00eb spital COVID. [&hellip;]<\/p>\n","protected":false},"author":2013,"featured_media":123706,"comment_status":"open","ping_status":"closed","sticky":false,"template":"","format":"standard","meta":{"footnotes":""},"categories":[241,235],"tags":[],"class_list":{"0":"post-123705","1":"post","2":"type-post","3":"status-publish","4":"format-standard","5":"has-post-thumbnail","7":"category-aktualitet","8":"category-vendi"},"_links":{"self":[{"href":"https:\/\/zjarr.tv\/sq\/wp-json\/wp\/v2\/posts\/123705","targetHints":{"allow":["GET"]}}],"collection":[{"href":"https:\/\/zjarr.tv\/sq\/wp-json\/wp\/v2\/posts"}],"about":[{"href":"https:\/\/zjarr.tv\/sq\/wp-json\/wp\/v2\/types\/post"}],"author":[{"embeddable":true,"href":"https:\/\/zjarr.tv\/sq\/wp-json\/wp\/v2\/users\/2013"}],"replies":[{"embeddable":true,"href":"https:\/\/zjarr.tv\/sq\/wp-json\/wp\/v2\/comments?post=123705"}],"version-history":[{"count":0,"href":"https:\/\/zjarr.tv\/sq\/wp-json\/wp\/v2\/posts\/123705\/revisions"}],"wp:featuredmedia":[{"embeddable":true,"href":"https:\/\/zjarr.tv\/sq\/wp-json\/wp\/v2\/media\/123706"}],"wp:attachment":[{"href":"https:\/\/zjarr.tv\/sq\/wp-json\/wp\/v2\/media?parent=123705"}],"wp:term":[{"taxonomy":"category","embeddable":true,"href":"https:\/\/zjarr.tv\/sq\/wp-json\/wp\/v2\/categories?post=123705"},{"taxonomy":"post_tag","embeddable":true,"href":"https:\/\/zjarr.tv\/sq\/wp-json\/wp\/v2\/tags?post=123705"}],"curies":[{"name":"wp","href":"https:\/\/api.w.org\/{rel}","templated":true}]}}