{"id":123719,"date":"2020-03-12T15:06:59","date_gmt":"2020-03-12T14:06:59","guid":{"rendered":"https:\/\/zjarr.tv\/?p=123719"},"modified":"2020-03-12T15:06:59","modified_gmt":"2020-03-12T14:06:59","slug":"vendimi-i-bsh-per-kredite-meta-takon-sejkon-masat-do-shmangin-efektet-negative-ne-ekonomi","status":"publish","type":"post","link":"https:\/\/zjarr.tv\/sq\/vendimi-i-bsh-per-kredite-meta-takon-sejkon-masat-do-shmangin-efektet-negative-ne-ekonomi\/","title":{"rendered":"Vendimi i BSH p\u00ebr kredit\u00eb, Meta takon Sejkon: Masat do shmangin efektet negative n\u00eb ekonomi"},"content":{"rendered":"<p>Pas vendimit t\u00eb Bank\u00ebs s\u00eb Shqip\u00ebris\u00eb p\u00ebr t\u00eb pezulluar pagesat e k\u00ebsteve t\u00eb kredive p\u00ebr tre muaj, Presidenti Ilir Meta zhvilloi nj\u00eb takim me Guvernatorin Gent Sejko. Meta shkruan se e thirri vet\u00eb n\u00eb takim Geuvernatorin Sejko, nd\u00ebrsa thekson se \u201cshpreh besimin se do t\u00eb merren n\u00eb koh\u00eb t\u00eb gjitha masat e nevojshme p\u00ebr t\u00eb shmangur efektet negative\u201d, thot\u00eb Meta.<\/p>\n<p><strong>Ilir Meta:<\/strong>\u00a0<em>Sot prita n\u00eb takim, me k\u00ebrkes\u00ebn time, Guvernatorin e Bank\u00ebs s\u00eb Shqip\u00ebris\u00eb, z. Gent Sejko, p\u00ebr t\u00eb diskutuar n\u00eb lidhje me situat\u00ebn e re t\u00eb krijuar si pasoj\u00eb e pandemis\u00eb s\u00eb COVID 19, si dhe efektet e mundshme n\u00eb ekonomin\u00eb e vendit dhe n\u00eb sektorin bankar.<\/em><\/p>\n<p><em>U informova nga Guvernatori Sejko se gjendja e sektorit bankar vazhdon t\u00eb jet\u00eb likuide dhe e mir\u00ebkapitalizuar dhe se jan\u00eb marr\u00eb t\u00eb gjitha masat p\u00ebr nj\u00eb vazhdim\u00ebsi normale t\u00eb aktivitetit operacional me klient\u00ebt.<\/em><\/p>\n<p><em>Duke vler\u00ebsuar pun\u00ebn e Bank\u00ebs s\u00eb Shqip\u00ebris\u00eb, shpreh besimin se do t\u00eb merren n\u00eb koh\u00eb t\u00eb gjitha masat e nevojshme p\u00ebr t\u00eb shmangur efektet negative, si n\u00eb sektorin bankar, ashtu edhe n\u00eb stabilitetin makro-ekonomik t\u00eb vendit.<\/em><\/p>\n","protected":false},"excerpt":{"rendered":"<p>Pas vendimit t\u00eb Bank\u00ebs s\u00eb Shqip\u00ebris\u00eb p\u00ebr t\u00eb pezulluar pagesat e k\u00ebsteve t\u00eb kredive p\u00ebr tre muaj, Presidenti Ilir Meta zhvilloi nj\u00eb takim me Guvernatorin Gent Sejko. Meta shkruan se e thirri vet\u00eb n\u00eb takim Geuvernatorin Sejko, nd\u00ebrsa thekson se \u201cshpreh besimin se do t\u00eb merren n\u00eb koh\u00eb t\u00eb gjitha masat e nevojshme p\u00ebr t\u00eb [&hellip;]<\/p>\n","protected":false},"author":2013,"featured_media":123720,"comment_status":"open","ping_status":"closed","sticky":false,"template":"","format":"standard","meta":{"footnotes":""},"categories":[241,235],"tags":[],"class_list":{"0":"post-123719","1":"post","2":"type-post","3":"status-publish","4":"format-standard","5":"has-post-thumbnail","7":"category-aktualitet","8":"category-vendi"},"_links":{"self":[{"href":"https:\/\/zjarr.tv\/sq\/wp-json\/wp\/v2\/posts\/123719","targetHints":{"allow":["GET"]}}],"collection":[{"href":"https:\/\/zjarr.tv\/sq\/wp-json\/wp\/v2\/posts"}],"about":[{"href":"https:\/\/zjarr.tv\/sq\/wp-json\/wp\/v2\/types\/post"}],"author":[{"embeddable":true,"href":"https:\/\/zjarr.tv\/sq\/wp-json\/wp\/v2\/users\/2013"}],"replies":[{"embeddable":true,"href":"https:\/\/zjarr.tv\/sq\/wp-json\/wp\/v2\/comments?post=123719"}],"version-history":[{"count":0,"href":"https:\/\/zjarr.tv\/sq\/wp-json\/wp\/v2\/posts\/123719\/revisions"}],"wp:featuredmedia":[{"embeddable":true,"href":"https:\/\/zjarr.tv\/sq\/wp-json\/wp\/v2\/media\/123720"}],"wp:attachment":[{"href":"https:\/\/zjarr.tv\/sq\/wp-json\/wp\/v2\/media?parent=123719"}],"wp:term":[{"taxonomy":"category","embeddable":true,"href":"https:\/\/zjarr.tv\/sq\/wp-json\/wp\/v2\/categories?post=123719"},{"taxonomy":"post_tag","embeddable":true,"href":"https:\/\/zjarr.tv\/sq\/wp-json\/wp\/v2\/tags?post=123719"}],"curies":[{"name":"wp","href":"https:\/\/api.w.org\/{rel}","templated":true}]}}