{"id":123782,"date":"2020-03-14T14:31:06","date_gmt":"2020-03-14T13:31:06","guid":{"rendered":"https:\/\/zjarr.tv\/?p=123782"},"modified":"2020-03-14T14:31:06","modified_gmt":"2020-03-14T13:31:06","slug":"meta-mbeshtet-mjeket-e-infermieret-qe-perballen-me-situaten-nga-koronavirusi-ja-fotoja-qe-publikon","status":"publish","type":"post","link":"https:\/\/zjarr.tv\/sq\/meta-mbeshtet-mjeket-e-infermieret-qe-perballen-me-situaten-nga-koronavirusi-ja-fotoja-qe-publikon\/","title":{"rendered":"Meta mb\u00ebshtet mjek\u00ebt e infermier\u00ebt q\u00eb p\u00ebrballen me situat\u00ebn nga koronavirusi, ja fotoja q\u00eb publikon"},"content":{"rendered":"<p>Presidenti i Republik\u00ebs Ilir Meta ka shprehur s\u00ebrish mb\u00ebshtetjen e tij p\u00ebr mjek\u00ebt dhe infermier\u00ebt, ata q\u00eb po p\u00ebrballen me situat\u00ebn e krijuar nga koronavirusi dhe t\u00eb s\u00ebmur\u00ebt e par\u00eb n\u00eb Shqip\u00ebri.<\/p>\n<p>N\u00eb nj\u00eb postim n\u00eb \u201cFacebook\u201d, Meta publikon foton e b\u00ebr\u00eb nga disa mjek\u00eb e infermier\u00eb, t\u00eb cil\u00ebt pozojn\u00eb duke b\u00ebr\u00eb simbolin e shqiponj\u00ebs.<\/p>\n<div id=\"pa_1x1_psbk_1584192614587\"><\/div>\n<p>\u201cKrenar p\u00ebr Shqiponjat tona! \ud83c\udde6\ud83c\uddf1\ud83d\udc50\ud83d\udc69\u200d\u2695\u201d, shkruan Meta, duke i pag\u00ebzuar k\u00ebshtu si shqiponja mjek\u00ebt dhe infermier\u00ebt.<\/p>\n<figure id=\"attachment_1254857\" class=\"wp-caption alignnone\"><a href=\"https:\/\/www.balkanweb.com\/wp-content\/uploads\/2020\/03\/Meta-fb-7.png\" rel=\"lightbox\"><img loading=\"lazy\" decoding=\"async\" class=\"wp-image-1254857 size-full\" src=\"https:\/\/www.balkanweb.com\/wp-content\/uploads\/2020\/03\/Meta-fb-7.png\" sizes=\"auto, (max-width: 437px) 100vw, 437px\" srcset=\"https:\/\/www.balkanweb.com\/wp-content\/uploads\/2020\/03\/Meta-fb-7.png 437w, https:\/\/www.balkanweb.com\/wp-content\/uploads\/2020\/03\/Meta-fb-7-298x280.png 298w, https:\/\/www.balkanweb.com\/wp-content\/uploads\/2020\/03\/Meta-fb-7-372x350.png 372w, https:\/\/www.balkanweb.com\/wp-content\/uploads\/2020\/03\/Meta-fb-7-280x263.png 280w, https:\/\/www.balkanweb.com\/wp-content\/uploads\/2020\/03\/Meta-fb-7-85x80.png 85w\" alt=\"Meta Fb\" width=\"437\" height=\"411\" \/><\/a><\/figure>\n","protected":false},"excerpt":{"rendered":"<p>Presidenti i Republik\u00ebs Ilir Meta ka shprehur s\u00ebrish mb\u00ebshtetjen e tij p\u00ebr mjek\u00ebt dhe infermier\u00ebt, ata q\u00eb po p\u00ebrballen me situat\u00ebn e krijuar nga koronavirusi dhe t\u00eb s\u00ebmur\u00ebt e par\u00eb n\u00eb Shqip\u00ebri. N\u00eb nj\u00eb postim n\u00eb \u201cFacebook\u201d, Meta publikon foton e b\u00ebr\u00eb nga disa mjek\u00eb e infermier\u00eb, t\u00eb cil\u00ebt pozojn\u00eb duke b\u00ebr\u00eb simbolin e shqiponj\u00ebs. [&hellip;]<\/p>\n","protected":false},"author":2013,"featured_media":123783,"comment_status":"open","ping_status":"closed","sticky":false,"template":"","format":"standard","meta":{"footnotes":""},"categories":[241,235],"tags":[],"class_list":{"0":"post-123782","1":"post","2":"type-post","3":"status-publish","4":"format-standard","5":"has-post-thumbnail","7":"category-aktualitet","8":"category-vendi"},"_links":{"self":[{"href":"https:\/\/zjarr.tv\/sq\/wp-json\/wp\/v2\/posts\/123782","targetHints":{"allow":["GET"]}}],"collection":[{"href":"https:\/\/zjarr.tv\/sq\/wp-json\/wp\/v2\/posts"}],"about":[{"href":"https:\/\/zjarr.tv\/sq\/wp-json\/wp\/v2\/types\/post"}],"author":[{"embeddable":true,"href":"https:\/\/zjarr.tv\/sq\/wp-json\/wp\/v2\/users\/2013"}],"replies":[{"embeddable":true,"href":"https:\/\/zjarr.tv\/sq\/wp-json\/wp\/v2\/comments?post=123782"}],"version-history":[{"count":0,"href":"https:\/\/zjarr.tv\/sq\/wp-json\/wp\/v2\/posts\/123782\/revisions"}],"wp:featuredmedia":[{"embeddable":true,"href":"https:\/\/zjarr.tv\/sq\/wp-json\/wp\/v2\/media\/123783"}],"wp:attachment":[{"href":"https:\/\/zjarr.tv\/sq\/wp-json\/wp\/v2\/media?parent=123782"}],"wp:term":[{"taxonomy":"category","embeddable":true,"href":"https:\/\/zjarr.tv\/sq\/wp-json\/wp\/v2\/categories?post=123782"},{"taxonomy":"post_tag","embeddable":true,"href":"https:\/\/zjarr.tv\/sq\/wp-json\/wp\/v2\/tags?post=123782"}],"curies":[{"name":"wp","href":"https:\/\/api.w.org\/{rel}","templated":true}]}}