{"id":123795,"date":"2020-03-14T14:57:34","date_gmt":"2020-03-14T13:57:34","guid":{"rendered":"https:\/\/zjarr.tv\/?p=123795"},"modified":"2020-03-14T14:57:34","modified_gmt":"2020-03-14T13:57:34","slug":"mjeket-pa-kufij-te-largohen-emigrantet-nga-ishujt-e-greqise-rrezik-per-shperthimin-e-covid-19","status":"publish","type":"post","link":"https:\/\/zjarr.tv\/sq\/mjeket-pa-kufij-te-largohen-emigrantet-nga-ishujt-e-greqise-rrezik-per-shperthimin-e-covid-19\/","title":{"rendered":"Mjek\u00ebt pa Kufij: T\u00eb largohen emigrant\u00ebt nga ishujt e Greqis\u00eb, rrezik p\u00ebr shp\u00ebrthimin e Covid-19"},"content":{"rendered":"<p>Organizata \u201cMjek\u00ebt pa Kufij\u201d ka b\u00ebr\u00eb thitrrje p\u00ebr evakuim t\u00eb menj\u00ebhersh\u00ebm t\u00eb kampeve t\u00eb emigrant\u00ebve n\u00eb ishujt e Greqis\u00eb, duke argumentuar se kushtet atje sigurojn\u00eb \u201cnj\u00eb ambient t\u00eb p\u00ebrsosur\u201d p\u00ebr shp\u00ebrthimin e Covid-19. Nj\u00eb person n\u00eb Lesbos ka rezultuar pozitiv me koronavirus deri tani. Sidoqoft\u00eb, kushtete e jetes\u00ebs johigjenike mund t\u00eb b\u00ebjn\u00eb q\u00eb virusi t\u00eb p\u00ebrhapet shum\u00eb shpejt. \u201cN\u00eb disa pjes\u00eb t\u00eb kampit Moria, ka vet\u00ebm nj\u00eb rubinet uji p\u00ebr \u00e7do 1.300 njer\u00ebz dhe asnj\u00eb sapun n\u00eb dispozicion.<\/p>\n<p>Familjet e pes\u00eb ose gjasht\u00eb personave duhet t\u00eb flen\u00eb n\u00eb hap\u00ebsira jo m\u00eb shum\u00eb se 3 m2.\u201d, tha Kordinatori Mjek\u00ebsor n\u00eb Mjek\u00ebve pa Kufij n\u00eb Greqi, Dr. Hilde Vochten. Kjo e b\u00ebn pothuajse t\u00eb pamundur q\u00eb ata q\u00eb jetojn\u00eb aty t\u00eb ndjekin masat e rekomanduara, t\u00eb tilla si larja e shpesht\u00eb e duarve dhe distanca sociale. Kombet n\u00eb t\u00eb gjith\u00eb bot\u00ebn po ndalojn\u00eb tubimet e m\u00ebdha, por njer\u00ebzit n\u00eb k\u00ebto kampe nuk kan\u00eb ku t\u00eb shkojn\u00eb.<\/p>\n<p>Doktor Vochten shtoi se \u201cdo t\u00eb sihte e pamundur t\u00eb kontrollohej nj\u00eb shp\u00ebrthim\u201d n\u00eb kampe n\u00eb Lesbos, Kos dhe ishuj t\u00eb tjer\u00eb. MSF deklaroi n\u00eb faqen e saj n\u00eb internet t\u00eb enjten se vendosja e emigrant\u00ebve n\u00eb k\u00ebto kampe ishte \u201ce pap\u00ebrgjegjshme\u201d, duke paralajm\u00ebruar se n\u00eb rast t\u00eb nj\u00eb shp\u00ebrthimi t\u00eb epidemis\u00eb kjo do t\u00eb ishte \u201cn\u00eb prag t\u00eb nj\u00eb akti kriminal\u201d. M\u00eb shum\u00eb se 42,000 njer\u00ebz jan\u00eb vendosur n\u00eb kampe n\u00eb pes\u00eb ishuj Grek\u00eb, sipas MSF. Kryeministri Grek Kyriakos Mitsotakis tha n\u00eb nj\u00eb takim t\u00eb kabinetit qeveritar se ishujt e vendit tashm\u00eb jan\u00eb &#8220;t\u00eb mbingarkuar me \u00e7\u00ebshtje t\u00eb sh\u00ebndetit publik&#8221; dhe duhet t\u00eb &#8220;mbrohen dyfish&#8221;.<\/p>\n","protected":false},"excerpt":{"rendered":"<p>Organizata \u201cMjek\u00ebt pa Kufij\u201d ka b\u00ebr\u00eb thitrrje p\u00ebr evakuim t\u00eb menj\u00ebhersh\u00ebm t\u00eb kampeve t\u00eb emigrant\u00ebve n\u00eb ishujt e Greqis\u00eb, duke argumentuar se kushtet atje sigurojn\u00eb \u201cnj\u00eb ambient t\u00eb p\u00ebrsosur\u201d p\u00ebr shp\u00ebrthimin e Covid-19. Nj\u00eb person n\u00eb Lesbos ka rezultuar pozitiv me koronavirus deri tani. Sidoqoft\u00eb, kushtete e jetes\u00ebs johigjenike mund t\u00eb b\u00ebjn\u00eb q\u00eb virusi t\u00eb [&hellip;]<\/p>\n","protected":false},"author":2013,"featured_media":123796,"comment_status":"open","ping_status":"closed","sticky":false,"template":"","format":"standard","meta":{"footnotes":""},"categories":[241,2],"tags":[],"class_list":{"0":"post-123795","1":"post","2":"type-post","3":"status-publish","4":"format-standard","5":"has-post-thumbnail","7":"category-aktualitet","8":"category-rajoni"},"_links":{"self":[{"href":"https:\/\/zjarr.tv\/sq\/wp-json\/wp\/v2\/posts\/123795","targetHints":{"allow":["GET"]}}],"collection":[{"href":"https:\/\/zjarr.tv\/sq\/wp-json\/wp\/v2\/posts"}],"about":[{"href":"https:\/\/zjarr.tv\/sq\/wp-json\/wp\/v2\/types\/post"}],"author":[{"embeddable":true,"href":"https:\/\/zjarr.tv\/sq\/wp-json\/wp\/v2\/users\/2013"}],"replies":[{"embeddable":true,"href":"https:\/\/zjarr.tv\/sq\/wp-json\/wp\/v2\/comments?post=123795"}],"version-history":[{"count":0,"href":"https:\/\/zjarr.tv\/sq\/wp-json\/wp\/v2\/posts\/123795\/revisions"}],"wp:featuredmedia":[{"embeddable":true,"href":"https:\/\/zjarr.tv\/sq\/wp-json\/wp\/v2\/media\/123796"}],"wp:attachment":[{"href":"https:\/\/zjarr.tv\/sq\/wp-json\/wp\/v2\/media?parent=123795"}],"wp:term":[{"taxonomy":"category","embeddable":true,"href":"https:\/\/zjarr.tv\/sq\/wp-json\/wp\/v2\/categories?post=123795"},{"taxonomy":"post_tag","embeddable":true,"href":"https:\/\/zjarr.tv\/sq\/wp-json\/wp\/v2\/tags?post=123795"}],"curies":[{"name":"wp","href":"https:\/\/api.w.org\/{rel}","templated":true}]}}