{"id":123798,"date":"2020-03-14T15:02:01","date_gmt":"2020-03-14T14:02:01","guid":{"rendered":"https:\/\/zjarr.tv\/?p=123798"},"modified":"2020-03-14T15:02:01","modified_gmt":"2020-03-14T14:02:01","slug":"te-ardhurit-nga-zonat-e-infektuara-policia-i-identifikon-dhe-telefonon-vete-karantine-ose-penalizim","status":"publish","type":"post","link":"https:\/\/zjarr.tv\/sq\/te-ardhurit-nga-zonat-e-infektuara-policia-i-identifikon-dhe-telefonon-vete-karantine-ose-penalizim\/","title":{"rendered":"T\u00eb ardhurit nga zonat e infektuara, Policia i identifikon dhe telefonon: Vet\u00eb-karantin\u00eb ose penalizim"},"content":{"rendered":"<p>Policia e Shtetit ka nisur t\u00eb kontaktoj\u00eb, pasi ka identifikuar, t\u00eb gjith\u00eb qytetar\u00ebt q\u00eb kan\u00eb hyr\u00eb dit\u00ebt e fundit n\u00eb vendin ton\u00eb, pasi m\u00eb her\u00ebt kan\u00eb qen\u00eb n\u00eb zonat me infeksion komunitar. Policia po u k\u00ebrkon k\u00ebtyre qytetar\u00ebve t\u00eb q\u00ebndrojn\u00eb n\u00eb karantin\u00eb p\u00ebr dy jav\u00eb.<\/p>\n<p><strong>Njoftimi i Policis\u00eb<\/strong>:\u00a0<em>Policia e Shtetit ka identifikuar gjith\u00eb qytetar\u00ebt q\u00eb kan\u00eb hyr\u00eb dit\u00ebt e fundit nga shtetet e prekura nga COVID-19. P\u00ebr t\u00eb parandaluar p\u00ebrhapjen e virusit, k\u00ebta qytetar\u00eb duhet t\u00eb vet\u00eb-karantinohen p\u00ebr 2 jav\u00eb.<\/em><\/p>\n<p><em>Policia e Shtetit po telefonon \u00e7donj\u00ebrin nga k\u00ebta qytetar\u00eb, duke u kujtuar p\u00ebrmbushjen e detyrimit, n\u00eb t\u00eb kund\u00ebrt do t\u00eb p\u0113rballen me masa ligjore.<\/em><\/p>\n<p>K\u00ebt\u00eb gj\u00eb e lajm\u00ebroi dhe Kryeministri Edi Rama nj\u00eb dit\u00eb m\u00eb par\u00eb, duke publikuar dhe mesazhet q\u00eb po u d\u00ebrgohet k\u00ebtyre qytetar\u00ebve.<\/p>\n","protected":false},"excerpt":{"rendered":"<p>Policia e Shtetit ka nisur t\u00eb kontaktoj\u00eb, pasi ka identifikuar, t\u00eb gjith\u00eb qytetar\u00ebt q\u00eb kan\u00eb hyr\u00eb dit\u00ebt e fundit n\u00eb vendin ton\u00eb, pasi m\u00eb her\u00ebt kan\u00eb qen\u00eb n\u00eb zonat me infeksion komunitar. Policia po u k\u00ebrkon k\u00ebtyre qytetar\u00ebve t\u00eb q\u00ebndrojn\u00eb n\u00eb karantin\u00eb p\u00ebr dy jav\u00eb. Njoftimi i Policis\u00eb:\u00a0Policia e Shtetit ka identifikuar gjith\u00eb qytetar\u00ebt q\u00eb [&hellip;]<\/p>\n","protected":false},"author":2013,"featured_media":123799,"comment_status":"open","ping_status":"closed","sticky":false,"template":"","format":"standard","meta":{"footnotes":""},"categories":[241,235],"tags":[],"class_list":{"0":"post-123798","1":"post","2":"type-post","3":"status-publish","4":"format-standard","5":"has-post-thumbnail","7":"category-aktualitet","8":"category-vendi"},"_links":{"self":[{"href":"https:\/\/zjarr.tv\/sq\/wp-json\/wp\/v2\/posts\/123798","targetHints":{"allow":["GET"]}}],"collection":[{"href":"https:\/\/zjarr.tv\/sq\/wp-json\/wp\/v2\/posts"}],"about":[{"href":"https:\/\/zjarr.tv\/sq\/wp-json\/wp\/v2\/types\/post"}],"author":[{"embeddable":true,"href":"https:\/\/zjarr.tv\/sq\/wp-json\/wp\/v2\/users\/2013"}],"replies":[{"embeddable":true,"href":"https:\/\/zjarr.tv\/sq\/wp-json\/wp\/v2\/comments?post=123798"}],"version-history":[{"count":0,"href":"https:\/\/zjarr.tv\/sq\/wp-json\/wp\/v2\/posts\/123798\/revisions"}],"wp:featuredmedia":[{"embeddable":true,"href":"https:\/\/zjarr.tv\/sq\/wp-json\/wp\/v2\/media\/123799"}],"wp:attachment":[{"href":"https:\/\/zjarr.tv\/sq\/wp-json\/wp\/v2\/media?parent=123798"}],"wp:term":[{"taxonomy":"category","embeddable":true,"href":"https:\/\/zjarr.tv\/sq\/wp-json\/wp\/v2\/categories?post=123798"},{"taxonomy":"post_tag","embeddable":true,"href":"https:\/\/zjarr.tv\/sq\/wp-json\/wp\/v2\/tags?post=123798"}],"curies":[{"name":"wp","href":"https:\/\/api.w.org\/{rel}","templated":true}]}}