{"id":123801,"date":"2020-03-14T15:25:28","date_gmt":"2020-03-14T14:25:28","guid":{"rendered":"https:\/\/zjarr.tv\/?p=123801"},"modified":"2020-03-14T15:25:28","modified_gmt":"2020-03-14T14:25:28","slug":"dita-e-veres-ne-kohen-e-koronavirusit-shqiperia-ne-shtetrrethim-2","status":"publish","type":"post","link":"https:\/\/zjarr.tv\/sq\/dita-e-veres-ne-kohen-e-koronavirusit-shqiperia-ne-shtetrrethim-2\/","title":{"rendered":"Dita e Ver\u00ebs n\u00eb koh\u00ebn e koronavirusit: Shqip\u00ebria n\u00eb shtetrrethim"},"content":{"rendered":"<p>Dita e Ver\u00ebs e 14 marsit 2020 do t\u00eb mbahet mend gjat\u00eb. E gjen Shqip\u00ebrin\u00eb me diell, por t\u00eb gjith\u00eb qytetet kryesore n\u00eb shtetrrethim, si masa ekstreme p\u00ebr t\u00eb ngadal\u00ebsuar p\u00ebrhapjen e koronavirusit COVID-19. Deri tani n\u00eb Shqip\u00ebri jan\u00eb sh\u00ebnuar 38 raste pozitive, p\u00ebrfshi n\u00eb k\u00ebt\u00eb shif\u00ebr dhe t\u00eb moshuar\u00ebn n\u00eb Durr\u00ebs q\u00eb humbi jet\u00ebn, nd\u00ebrsa rastet pritet t\u00eb shtohen.<\/p>\n<p>P\u00ebrve\u00e7 Tiran\u00ebs dhe Durr\u00ebsit t\u00eb cilat jan\u00eb n\u00eb shtetrrethim prej t\u00eb premtes n\u00eb m\u00ebngjes, sot jan\u00eb zgjuar n\u00eb shtetrrethim edhe Fierin. Vlor\u00ebn, Lushnj\u00ebn, Shkodr\u00ebn. Elbasanin.<\/p>\n<p>Po ashtu ndalohet qarkullimi i automjeteve pa leje nga Policia e Shtetit n\u00eb akset rrugore nacionale: Fier-Vlor\u00eb, Vlor\u00eb-Lushnje\u00a0Shkod\u00ebr-Lezh\u00eb, Elbasan-Kor\u00e7\u00eb.<\/p>\n<p><strong>Tirana bosh<\/strong>&#8211; Si asnj\u00eb her\u00eb m\u00eb par\u00eb Dita e Ver\u00ebs e ka gjetur kryeqytetin pothuajse bosh edhe pse moti ishte me diell. Shumica e qytetar\u00ebve u nd\u00ebrgjegj\u00ebsuan dhe kane qendruar ne shtepi.<\/p>\n<p>Institucionet shtet\u00ebrore vazhdimisht ju b\u00ebjn\u00eb thirrje qytetar\u00ebve q\u00eb rrespektojn\u00eb masat e OBSH si masa ekstreme p\u00ebr t\u00eb ngadal\u00ebsuar p\u00ebrhapjen e koronavirusit COVID-19.<\/p>\n<p><strong>Ndalim qarkullimi<\/strong><\/p>\n<p>Do t\u00eb qarkullojn\u00eb vet\u00ebm automjetet q\u00eb hyjn\u00eb n\u00eb kategorit\u00eb e lejuara si n\u00eb Tiran\u00eb-Durr\u00ebs. Autobus\u00eb t\u00eb akredituar nga Policia e Shtetit, mjetet e punonj\u00ebsve t\u00eb tyre, po ashtu ata t\u00eb administrat\u00ebs dhe s\u2019mund t\u00eb kryejn\u00eb pun\u00ebn nga interneti t\u00eb pajisen me kartel\u00ebn identifikuese q\u00eb t\u00eb qarkullojn\u00eb me automjet privat.\u201d<\/p>\n<p>N\u00eb or\u00ebn 10:00 hyn n\u00eb fuqi dhe ndalimi i hyrje e daljeve p\u00ebrmes linjave t\u00eb transportit ajror dhe tok\u00ebsor me autobus. Do t\u00eb lejohet vet\u00ebm hyrja me automjete private.<\/p>\n<p>Gjithashtu \u00ebsht\u00eb mbyllur kufiri drejt Malit t\u00eb Zi ne Muriqan dhe Vermosh.<\/p>\n<p>N\u00eb p\u00ebrgjith\u00ebsi ky shtetrrethim i detyruar \u00ebsht\u00eb respektuar nga popullata por ka pasur dhe t\u00eb \u2018pabindur\u201d. Qeveria ka paralajm\u00ebruar masa t\u00eb rrepta nd\u00ebshkuese p\u00ebr ata q\u00eb nuk zbatojn\u00eb kufizimin e l\u00ebvizjes deri n\u00eb heqjen e patent\u00ebs dhe heqjen e t\u00eb drejt\u00ebs p\u00ebr ta pasur p\u00ebr disa vite. Gjithashtu \u00ebsht\u00eb parashikuar dhe penalizim p\u00ebr t\u00eb gjith\u00eb shit\u00ebsit dhe farmacist\u00ebt q\u00eb do t\u00eb abuzojn\u00eb me \u00e7mimet.<\/p>\n","protected":false},"excerpt":{"rendered":"<p>Dita e Ver\u00ebs e 14 marsit 2020 do t\u00eb mbahet mend gjat\u00eb. E gjen Shqip\u00ebrin\u00eb me diell, por t\u00eb gjith\u00eb qytetet kryesore n\u00eb shtetrrethim, si masa ekstreme p\u00ebr t\u00eb ngadal\u00ebsuar p\u00ebrhapjen e koronavirusit COVID-19. Deri tani n\u00eb Shqip\u00ebri jan\u00eb sh\u00ebnuar 38 raste pozitive, p\u00ebrfshi n\u00eb k\u00ebt\u00eb shif\u00ebr dhe t\u00eb moshuar\u00ebn n\u00eb Durr\u00ebs q\u00eb humbi jet\u00ebn, [&hellip;]<\/p>\n","protected":false},"author":2013,"featured_media":123802,"comment_status":"open","ping_status":"closed","sticky":false,"template":"","format":"standard","meta":{"footnotes":""},"categories":[241,235],"tags":[],"class_list":{"0":"post-123801","1":"post","2":"type-post","3":"status-publish","4":"format-standard","5":"has-post-thumbnail","7":"category-aktualitet","8":"category-vendi"},"_links":{"self":[{"href":"https:\/\/zjarr.tv\/sq\/wp-json\/wp\/v2\/posts\/123801","targetHints":{"allow":["GET"]}}],"collection":[{"href":"https:\/\/zjarr.tv\/sq\/wp-json\/wp\/v2\/posts"}],"about":[{"href":"https:\/\/zjarr.tv\/sq\/wp-json\/wp\/v2\/types\/post"}],"author":[{"embeddable":true,"href":"https:\/\/zjarr.tv\/sq\/wp-json\/wp\/v2\/users\/2013"}],"replies":[{"embeddable":true,"href":"https:\/\/zjarr.tv\/sq\/wp-json\/wp\/v2\/comments?post=123801"}],"version-history":[{"count":0,"href":"https:\/\/zjarr.tv\/sq\/wp-json\/wp\/v2\/posts\/123801\/revisions"}],"wp:featuredmedia":[{"embeddable":true,"href":"https:\/\/zjarr.tv\/sq\/wp-json\/wp\/v2\/media\/123802"}],"wp:attachment":[{"href":"https:\/\/zjarr.tv\/sq\/wp-json\/wp\/v2\/media?parent=123801"}],"wp:term":[{"taxonomy":"category","embeddable":true,"href":"https:\/\/zjarr.tv\/sq\/wp-json\/wp\/v2\/categories?post=123801"},{"taxonomy":"post_tag","embeddable":true,"href":"https:\/\/zjarr.tv\/sq\/wp-json\/wp\/v2\/tags?post=123801"}],"curies":[{"name":"wp","href":"https:\/\/api.w.org\/{rel}","templated":true}]}}