{"id":123821,"date":"2020-03-16T11:16:59","date_gmt":"2020-03-16T10:16:59","guid":{"rendered":"https:\/\/zjarr.tv\/?p=123821"},"modified":"2020-03-16T11:16:59","modified_gmt":"2020-03-16T10:16:59","slug":"transporti-nderqytetas-kerkese-qeverise-na-furnizoni-me-maska-paguani-shoferet","status":"publish","type":"post","link":"https:\/\/zjarr.tv\/sq\/transporti-nderqytetas-kerkese-qeverise-na-furnizoni-me-maska-paguani-shoferet\/","title":{"rendered":"Transporti Nd\u00ebrqytetas k\u00ebrkes\u00eb qeveris\u00eb: Na furnizoni me maska, paguani shoferet"},"content":{"rendered":"<p>Shoqata e Transportit Nd\u00ebrqytetas dhe Rrethqytetas i ka d\u00ebrguar nj\u00eb k\u00ebrkes\u00eb qeveris\u00eb, duke i k\u00ebrkuar marrjan e masave si pasoj\u00eb e humbjeve t\u00eb m\u00ebdha financiare t\u00eb krijuar nga koronavirusi.<\/p>\n<p>Sipas Shoqat\u00ebs, paralizimi i transportit ka shkaktuar dhe vazhdon t\u00eb shkaktoj\u00eb humbje t\u00eb m\u00ebdha financiare.<\/p>\n<p><strong>K\u00ebrkesat drejtuar qeveris\u00eb<\/strong><\/p>\n<p><em>1-Mb\u00ebshtetjen me nj\u00eb fond prej 32 500 000 lek\u00ebsh p\u00ebr pagesat e 2500 shofer\u00ebve, faturinove, financier\u00ebve, jurist\u00ebve, drejtuesve teknik, operator\u00ebve, agjent\u00ebve dhe administrator\u00ebve me gjysm\u00ebn e nj\u00eb page minimale prej 13 000 lek\u00ebsh, t\u00eb cil\u00ebt presin t\u00eb paguhen brenda 10 t\u00eb muajit prill.<br \/>\n2-Faljen e pages\u00ebs s\u00eb sigurimeve shoq\u00ebrore dhe tatimit mbi fitimin p\u00ebr nj\u00eb periudh\u00eb 3 mujore.<br \/>\n3-Shtyrjen e pagesave t\u00eb kredive p\u00ebr nj\u00eb periudh\u00eb 3 mujore pasi bankat nuk po e respektojn\u00eb urdhrin e BSH.<br \/>\n4-Shtyrjen e pages\u00ebs s\u00eb taksave vendore p\u00ebr nj\u00eb periudh\u00eb 6 mujore<br \/>\n5-Furnizimin me 2500 maska, doreza dhe 500 litra alkool.<\/em><\/p>\n<p><em><img decoding=\"async\" class=\"fr-fic fr-dib\" src=\"https:\/\/www.oranews.tv\/storage\/app\/media\/home\/ora\/public_html\/storage\/app\/media\/2020\/03\/16\/737da115-54cd-4efd-b96e-692efd5b051c.jpg\" data-result=\"success\" \/><img decoding=\"async\" class=\"fr-fic fr-dib\" src=\"https:\/\/www.oranews.tv\/storage\/app\/media\/home\/ora\/public_html\/storage\/app\/media\/2020\/03\/16\/7afc0eb7-1fc7-46d9-bade-4a9527de8aad.jpg\" data-result=\"success\" \/><\/em><\/p>\n<p>&nbsp;<\/p>\n","protected":false},"excerpt":{"rendered":"<p>Shoqata e Transportit Nd\u00ebrqytetas dhe Rrethqytetas i ka d\u00ebrguar nj\u00eb k\u00ebrkes\u00eb qeveris\u00eb, duke i k\u00ebrkuar marrjan e masave si pasoj\u00eb e humbjeve t\u00eb m\u00ebdha financiare t\u00eb krijuar nga koronavirusi. Sipas Shoqat\u00ebs, paralizimi i transportit ka shkaktuar dhe vazhdon t\u00eb shkaktoj\u00eb humbje t\u00eb m\u00ebdha financiare. K\u00ebrkesat drejtuar qeveris\u00eb 1-Mb\u00ebshtetjen me nj\u00eb fond prej 32 500 000 [&hellip;]<\/p>\n","protected":false},"author":2013,"featured_media":123822,"comment_status":"open","ping_status":"closed","sticky":false,"template":"","format":"standard","meta":{"footnotes":""},"categories":[241,235],"tags":[],"class_list":{"0":"post-123821","1":"post","2":"type-post","3":"status-publish","4":"format-standard","5":"has-post-thumbnail","7":"category-aktualitet","8":"category-vendi"},"_links":{"self":[{"href":"https:\/\/zjarr.tv\/sq\/wp-json\/wp\/v2\/posts\/123821","targetHints":{"allow":["GET"]}}],"collection":[{"href":"https:\/\/zjarr.tv\/sq\/wp-json\/wp\/v2\/posts"}],"about":[{"href":"https:\/\/zjarr.tv\/sq\/wp-json\/wp\/v2\/types\/post"}],"author":[{"embeddable":true,"href":"https:\/\/zjarr.tv\/sq\/wp-json\/wp\/v2\/users\/2013"}],"replies":[{"embeddable":true,"href":"https:\/\/zjarr.tv\/sq\/wp-json\/wp\/v2\/comments?post=123821"}],"version-history":[{"count":0,"href":"https:\/\/zjarr.tv\/sq\/wp-json\/wp\/v2\/posts\/123821\/revisions"}],"wp:featuredmedia":[{"embeddable":true,"href":"https:\/\/zjarr.tv\/sq\/wp-json\/wp\/v2\/media\/123822"}],"wp:attachment":[{"href":"https:\/\/zjarr.tv\/sq\/wp-json\/wp\/v2\/media?parent=123821"}],"wp:term":[{"taxonomy":"category","embeddable":true,"href":"https:\/\/zjarr.tv\/sq\/wp-json\/wp\/v2\/categories?post=123821"},{"taxonomy":"post_tag","embeddable":true,"href":"https:\/\/zjarr.tv\/sq\/wp-json\/wp\/v2\/tags?post=123821"}],"curies":[{"name":"wp","href":"https:\/\/api.w.org\/{rel}","templated":true}]}}