{"id":123824,"date":"2020-03-16T11:18:00","date_gmt":"2020-03-16T10:18:00","guid":{"rendered":"https:\/\/zjarr.tv\/?p=123824"},"modified":"2020-03-16T11:18:00","modified_gmt":"2020-03-16T10:18:00","slug":"rama-refuzon-planin-e-pd-per-te-perballuar-koronvirusin-bardhi-maskarallek-dhe-krim-i-madh","status":"publish","type":"post","link":"https:\/\/zjarr.tv\/sq\/rama-refuzon-planin-e-pd-per-te-perballuar-koronvirusin-bardhi-maskarallek-dhe-krim-i-madh\/","title":{"rendered":"Rama refuzon planin e PD p\u00ebr t\u00eb p\u00ebrballuar koronvirusin, Bardhi: Maskarall\u00ebk dhe krim i madh"},"content":{"rendered":"<p>Sekretari i P\u00ebrgjithsh\u00ebm i PD, Gazmend Bardhi ka reaguar pas refuzimit q\u00eb Rama i b\u00ebri planit t\u00eb PD. Nw njw status nw Facebook, Bardhi thotw se wshtw njw krim i madhe i kryeministrit Edi Rama.<\/p>\n<p>\u201c1 n\u00eb 10 shqiptar\u00eb sot ushqehet vet\u00ebm 1 her\u00eb n\u00eb dit\u00eb, por Edi Rama nuk do t\u2019ia dij\u00eb. Nga vila e tij 2 milion\u00eb euro n\u00eb Surrel, refuzon propozimet realiste t\u00eb PD p\u00ebr t\u00eb ndihmuar qytetar\u00ebt dhe ekonomin\u00eb nga kriza e koronavirusit.<\/p>\n<p>Maskarall\u00ebk dhe krim m\u00eb t\u00eb madh nuk ka se t\u00eb mos prek\u00ebsh milionat q\u00eb Edi Rama ka ndar\u00eb p\u00ebr Vilm\u00ebn, incenerator\u00ebt dhe klient\u00ebt e tij k\u00ebt\u00eb vit me buxhetin e shqiptar\u00ebve n\u00eb karantin\u00eb!\u201d, shkruan Gazment Bardhi.<\/p>\n","protected":false},"excerpt":{"rendered":"<p>Sekretari i P\u00ebrgjithsh\u00ebm i PD, Gazmend Bardhi ka reaguar pas refuzimit q\u00eb Rama i b\u00ebri planit t\u00eb PD. Nw njw status nw Facebook, Bardhi thotw se wshtw njw krim i madhe i kryeministrit Edi Rama. \u201c1 n\u00eb 10 shqiptar\u00eb sot ushqehet vet\u00ebm 1 her\u00eb n\u00eb dit\u00eb, por Edi Rama nuk do t\u2019ia dij\u00eb. Nga vila [&hellip;]<\/p>\n","protected":false},"author":2013,"featured_media":119124,"comment_status":"open","ping_status":"closed","sticky":false,"template":"","format":"standard","meta":{"footnotes":""},"categories":[241,235],"tags":[],"class_list":{"0":"post-123824","1":"post","2":"type-post","3":"status-publish","4":"format-standard","5":"has-post-thumbnail","7":"category-aktualitet","8":"category-vendi"},"_links":{"self":[{"href":"https:\/\/zjarr.tv\/sq\/wp-json\/wp\/v2\/posts\/123824","targetHints":{"allow":["GET"]}}],"collection":[{"href":"https:\/\/zjarr.tv\/sq\/wp-json\/wp\/v2\/posts"}],"about":[{"href":"https:\/\/zjarr.tv\/sq\/wp-json\/wp\/v2\/types\/post"}],"author":[{"embeddable":true,"href":"https:\/\/zjarr.tv\/sq\/wp-json\/wp\/v2\/users\/2013"}],"replies":[{"embeddable":true,"href":"https:\/\/zjarr.tv\/sq\/wp-json\/wp\/v2\/comments?post=123824"}],"version-history":[{"count":0,"href":"https:\/\/zjarr.tv\/sq\/wp-json\/wp\/v2\/posts\/123824\/revisions"}],"wp:featuredmedia":[{"embeddable":true,"href":"https:\/\/zjarr.tv\/sq\/wp-json\/wp\/v2\/media\/119124"}],"wp:attachment":[{"href":"https:\/\/zjarr.tv\/sq\/wp-json\/wp\/v2\/media?parent=123824"}],"wp:term":[{"taxonomy":"category","embeddable":true,"href":"https:\/\/zjarr.tv\/sq\/wp-json\/wp\/v2\/categories?post=123824"},{"taxonomy":"post_tag","embeddable":true,"href":"https:\/\/zjarr.tv\/sq\/wp-json\/wp\/v2\/tags?post=123824"}],"curies":[{"name":"wp","href":"https:\/\/api.w.org\/{rel}","templated":true}]}}