{"id":127063,"date":"2020-06-16T15:29:24","date_gmt":"2020-06-16T13:29:24","guid":{"rendered":"https:\/\/zjarr.tv\/?p=127063"},"modified":"2020-06-16T15:29:24","modified_gmt":"2020-06-16T13:29:24","slug":"gjykata-e-denoi-per-shpifje-reagon-tabaku-vendim-politik-e-njohur-boterisht-afera-korruptive-tek-unaza","status":"publish","type":"post","link":"https:\/\/zjarr.tv\/sq\/gjykata-e-denoi-per-shpifje-reagon-tabaku-vendim-politik-e-njohur-boterisht-afera-korruptive-tek-unaza\/","title":{"rendered":"Gjykata e d\u00ebnoi p\u00ebr shpifje, reagon Tabaku: Vendim politik, e njohur bot\u00ebrisht afera korruptive tek Unaza"},"content":{"rendered":"<p>Ish-deputetja e PD-s\u00eb, Jorida Tabaku, e ka cil\u00ebsuar politik vendimin e \u00a0gjykat\u00ebs s\u00eb Tiran\u00ebs, e cila e shpalli fajtore p\u00ebr akuz\u00ebn e shpifjes duke e d\u00ebnuar me nj\u00eb gjob\u00eb prej 500 mij\u00eb lek\u00ebsh t\u00eb rinj, si dhe shpenzimet gjyq\u00ebsore dhe ato avokatore ndaj pal\u00ebs padit\u00ebse.<\/p>\n<p>Sipas Tabakut, shqiptar\u00ebt jan\u00eb d\u00ebshmitar\u00eb t\u00eb afer\u00ebs s\u00eb r\u00ebnd\u00eb korruptive t\u00eb Qeveris\u00eb dhe Bashkis\u00eb s\u00eb Tiran\u00ebs me Unaz\u00ebn e Re, dhe k\u00ebt\u00eb \u00a0nuk mund ta fsheh asnje vendim gjykate i nd\u00ebrmarr\u00eb n\u00ebn presionin e nj\u00eb vettingu apo nd\u00ebrhyrjes s\u00eb qeveris\u00eb n\u00eb sallat e gjyqit.<\/p>\n<p>Sipas Gjykat\u00ebs s\u00eb Tiran\u00ebs, ish-deputetja demokrate ka folur gjat\u00eb nj\u00eb konference shtypi, ku kishte deklaruar se projekti i Unaz\u00ebs s\u00eb Madhe \u00ebsht\u00eb nj\u00eb projekt korruptiv i Veliajt dhe kryeministrit Rama, duke i akuzuar ata p\u00ebr ndryshimin e planit p\u00ebr p\u00ebrfitime personale.<\/p>\n<p><strong><em>Tabaku:\u00a0<\/em><\/strong><em>Dit\u00ebn e sotme gjykata e shkall\u00ebs s\u00eb par\u00eb n\u00ebn presionin e nj\u00eb vettingu q\u00eb po b\u00ebhet gjithnj\u00eb e m\u00eb partiak, si\u00e7 edhe Komisioni i Venecias e v\u00ebrtetoi, mori nj\u00eb vendim n\u00eb kund\u00ebrshti me provat dhe faktet q\u00eb tanim\u00eb jan\u00eb bot\u00ebrisht t\u00eb njohura.<\/em><\/p>\n<p><em>Shqiptar\u00ebt jan\u00eb d\u00ebshmitar\u00eb se si plani p\u00ebr Unaz\u00ebn e Re ishte korruptiv q\u00eb n\u00eb gjenez\u00eb dhe gjithashtu q\u00eb qeveria n\u00eb bashk\u00ebpunim me Bashkin\u00eb Tiran\u00eb kan\u00eb ndryshuar planin e kalimit t\u00eb lumit t\u00eb Lan\u00ebs p\u00ebr t\u00eb favorizuar Edmond Begon. K\u00ebto qendrime i kam mbajtur n\u00eb konferenc\u00eb p\u00ebr shtyp duke paraqitur prova bind\u00ebse, sakaq shqiptar\u00ebt kan\u00eb m\u00ebsuar tanim\u00eb edhe p\u00ebr lidhjen e ngusht\u00eb Bego-Balla.<\/em><\/p>\n<p><em>Por sa m\u00eb shum\u00eb e v\u00ebrteta th\u00ebrret n\u00eb vesh\u00ebt e shqiptar\u00ebve aq edhe m\u00eb e madhe \u00ebsht\u00eb t\u00ebrs\u00ebllima q\u00eb qeveria e korruptuar dhe kontrolluar nga Mond Begot imponon n\u00eb sallat e gjykatave. Kush mendon se do t\u00eb t\u00ebrhiqemi nga e v\u00ebrteta duke menduar se na intimidojne me seanca t\u00eb tilla gjyq\u00ebsore gabohet. I qendroj plot\u00ebsisht asaj q\u00eb kam deklaruar pasi prova t\u00eb pakund\u00ebrshtueshme jan\u00eb themeli i akuzave t\u00eb ngritura n\u00eb dy konferencat p\u00ebr shtyp.<\/em><\/p>\n<p><em>Sot banor\u00ebt jan\u00eb flakur nga shtepit\u00eb e tyre dhe i \u00ebsht\u00eb hapur rrug\u00eb ndertim\u00ebve me par\u00e0 t\u00eb krimit e t\u00eb drog\u00ebs si kudo m\u00eb Tiran\u00eb.<\/em><\/p>\n<p><em>Koha do t\u00eb tregoj\u00eb se sa t\u00eb v\u00ebrteta kan\u00eb qen\u00eb vendimet e nj\u00eb gjykate q\u00eb m\u00eb s\u00eb paku iu shmang p\u00ebrgjegj\u00ebsis\u00eb p\u00ebr t\u00eb gjykuar mbi provat dhe jo sipas pushtetit. Ajo q\u00eb m\u00eb g\u00ebzon \u00ebsht\u00eb se dit\u00eb m\u00eb t\u00eb mira do t\u00eb vijn\u00eb p\u00ebr shqiptar\u00ebt dhe dit\u00eb edhe m\u00eb t\u00eb err\u00ebta do t\u00eb jen\u00eb p\u00ebr ato q\u00eb mendojn\u00eb se mund ta blejn\u00eb t\u00eb shkuar\u00ebn dhe t\u00eb ardhmen me pasuri apo miq\u00ebsi.<\/em><\/p>\n<p><em>Asnj\u00eb hap pas p\u00ebr t\u00eb denoncuar e treguar te v\u00ebrtet\u00ebn. Shqiptar\u00ebt meritojn\u00eb te din\u00eb se kush i qeveris dhe se kush jan\u00eb miqt\u00eb e qeveritar\u00ebve me m\u00eb shum\u00eb se nj\u00eb em\u00ebr!<\/em><\/p>\n","protected":false},"excerpt":{"rendered":"<p>Ish-deputetja e PD-s\u00eb, Jorida Tabaku, e ka cil\u00ebsuar politik vendimin e \u00a0gjykat\u00ebs s\u00eb Tiran\u00ebs, e cila e shpalli fajtore p\u00ebr akuz\u00ebn e shpifjes duke e d\u00ebnuar me nj\u00eb gjob\u00eb prej 500 mij\u00eb lek\u00ebsh t\u00eb rinj, si dhe shpenzimet gjyq\u00ebsore dhe ato avokatore ndaj pal\u00ebs padit\u00ebse. Sipas Tabakut, shqiptar\u00ebt jan\u00eb d\u00ebshmitar\u00eb t\u00eb afer\u00ebs s\u00eb r\u00ebnd\u00eb korruptive [&hellip;]<\/p>\n","protected":false},"author":2013,"featured_media":69477,"comment_status":"open","ping_status":"closed","sticky":false,"template":"","format":"standard","meta":{"footnotes":""},"categories":[241,235],"tags":[],"class_list":{"0":"post-127063","1":"post","2":"type-post","3":"status-publish","4":"format-standard","5":"has-post-thumbnail","7":"category-aktualitet","8":"category-vendi"},"_links":{"self":[{"href":"https:\/\/zjarr.tv\/sq\/wp-json\/wp\/v2\/posts\/127063","targetHints":{"allow":["GET"]}}],"collection":[{"href":"https:\/\/zjarr.tv\/sq\/wp-json\/wp\/v2\/posts"}],"about":[{"href":"https:\/\/zjarr.tv\/sq\/wp-json\/wp\/v2\/types\/post"}],"author":[{"embeddable":true,"href":"https:\/\/zjarr.tv\/sq\/wp-json\/wp\/v2\/users\/2013"}],"replies":[{"embeddable":true,"href":"https:\/\/zjarr.tv\/sq\/wp-json\/wp\/v2\/comments?post=127063"}],"version-history":[{"count":0,"href":"https:\/\/zjarr.tv\/sq\/wp-json\/wp\/v2\/posts\/127063\/revisions"}],"wp:featuredmedia":[{"embeddable":true,"href":"https:\/\/zjarr.tv\/sq\/wp-json\/wp\/v2\/media\/69477"}],"wp:attachment":[{"href":"https:\/\/zjarr.tv\/sq\/wp-json\/wp\/v2\/media?parent=127063"}],"wp:term":[{"taxonomy":"category","embeddable":true,"href":"https:\/\/zjarr.tv\/sq\/wp-json\/wp\/v2\/categories?post=127063"},{"taxonomy":"post_tag","embeddable":true,"href":"https:\/\/zjarr.tv\/sq\/wp-json\/wp\/v2\/tags?post=127063"}],"curies":[{"name":"wp","href":"https:\/\/api.w.org\/{rel}","templated":true}]}}