{"id":127406,"date":"2020-06-26T15:00:38","date_gmt":"2020-06-26T13:00:38","guid":{"rendered":"https:\/\/zjarr.tv\/?p=127406"},"modified":"2020-06-26T15:00:15","modified_gmt":"2020-06-26T13:00:15","slug":"perjashtohet-me-10-dite-nga-kuvendi-deputeti-kujtim-gjuzi","status":"publish","type":"post","link":"https:\/\/zjarr.tv\/sq\/perjashtohet-me-10-dite-nga-kuvendi-deputeti-kujtim-gjuzi\/","title":{"rendered":"P\u00ebrjashtohet m\u00eb 10 dit\u00eb nga Kuvendi deputeti Kujtim Gjuzi"},"content":{"rendered":"<p>P\u00ebrjashtohet m\u00eb 10 dit\u00eb nga punimet e Kuvendit dhe komisionet parlamentare deputeti Kujtim Gjuzi.Vendimi \u00ebsht\u00eb marr\u00eb n\u00eb mbledhjen e Byros\u00eb s\u00eb Kuvendit, me urdh\u00ebr t\u00eb kryetarit t\u00eb Kuvendit, Gramoz Ru\u00e7i.<em>\u201cSipas Urdhrit t\u00eb Kryetarit t\u00eb Kuvendit, z. Gramoz Ru\u00e7i, Nr. 31, dat\u00eb 26.06.2020, sot u zhvillua mbledhja e Byros\u00eb s\u00eb Kuendit, p\u00ebr shqyrtimin e ankes\u00ebs \u00a0s\u00eb deputetit Kujtim Gjuzi kund\u00ebr vendimit nr. 12, dat\u00eb 23.06.2020, t\u00eb Sekretariatit p\u00ebr \u00a0Procedurat, Votimet dhe Etik\u00ebn \u201cP\u00ebr marrjen e mas\u00ebs disiplinore ndaj deputetit Kujtim Gjuzi \u201cP\u00ebrjashtim nga pjes\u00ebmarrja n\u00eb komisione dhe\/ose seanc\u00eb plenare p\u00ebr 10 (dhjet\u00eb) dit\u00eb.\u201d<\/em>\u00a0\u2013 thuhet n\u00eb njoftim.P\u00ebr shkak se deputeti Kujtim Gjuzi nuk ishte i pranish\u00ebm, mbledhja u shty p\u00ebr dit\u00ebn e h\u00ebn\u00eb, dat\u00eb 29 qershor, ora 12:00.<\/p>\n","protected":false},"excerpt":{"rendered":"<p>P\u00ebrjashtohet m\u00eb 10 dit\u00eb nga punimet e Kuvendit dhe komisionet parlamentare deputeti Kujtim Gjuzi.Vendimi \u00ebsht\u00eb marr\u00eb n\u00eb mbledhjen e Byros\u00eb s\u00eb Kuvendit, me urdh\u00ebr t\u00eb kryetarit t\u00eb Kuvendit, Gramoz Ru\u00e7i.\u201cSipas Urdhrit t\u00eb Kryetarit t\u00eb Kuvendit, z. Gramoz Ru\u00e7i, Nr. 31, dat\u00eb 26.06.2020, sot u zhvillua mbledhja e Byros\u00eb s\u00eb Kuendit, p\u00ebr shqyrtimin e ankes\u00ebs \u00a0s\u00eb [&hellip;]<\/p>\n","protected":false},"author":2020,"featured_media":118744,"comment_status":"open","ping_status":"closed","sticky":false,"template":"","format":"standard","meta":{"footnotes":""},"categories":[241,231,235],"tags":[],"class_list":{"0":"post-127406","1":"post","2":"type-post","3":"status-publish","4":"format-standard","5":"has-post-thumbnail","7":"category-aktualitet","8":"category-lajme","9":"category-vendi"},"_links":{"self":[{"href":"https:\/\/zjarr.tv\/sq\/wp-json\/wp\/v2\/posts\/127406","targetHints":{"allow":["GET"]}}],"collection":[{"href":"https:\/\/zjarr.tv\/sq\/wp-json\/wp\/v2\/posts"}],"about":[{"href":"https:\/\/zjarr.tv\/sq\/wp-json\/wp\/v2\/types\/post"}],"author":[{"embeddable":true,"href":"https:\/\/zjarr.tv\/sq\/wp-json\/wp\/v2\/users\/2020"}],"replies":[{"embeddable":true,"href":"https:\/\/zjarr.tv\/sq\/wp-json\/wp\/v2\/comments?post=127406"}],"version-history":[{"count":0,"href":"https:\/\/zjarr.tv\/sq\/wp-json\/wp\/v2\/posts\/127406\/revisions"}],"wp:featuredmedia":[{"embeddable":true,"href":"https:\/\/zjarr.tv\/sq\/wp-json\/wp\/v2\/media\/118744"}],"wp:attachment":[{"href":"https:\/\/zjarr.tv\/sq\/wp-json\/wp\/v2\/media?parent=127406"}],"wp:term":[{"taxonomy":"category","embeddable":true,"href":"https:\/\/zjarr.tv\/sq\/wp-json\/wp\/v2\/categories?post=127406"},{"taxonomy":"post_tag","embeddable":true,"href":"https:\/\/zjarr.tv\/sq\/wp-json\/wp\/v2\/tags?post=127406"}],"curies":[{"name":"wp","href":"https:\/\/api.w.org\/{rel}","templated":true}]}}