{"id":127409,"date":"2020-06-26T15:10:30","date_gmt":"2020-06-26T13:10:30","guid":{"rendered":"https:\/\/zjarr.tv\/?p=127409"},"modified":"2020-06-26T15:03:02","modified_gmt":"2020-06-26T13:03:02","slug":"presidenti-thaci-akoma-nuk-ka-bere-nje-reagim-zyrtar-ne-lidhje-me-aktakuzen","status":"publish","type":"post","link":"https:\/\/zjarr.tv\/sq\/presidenti-thaci-akoma-nuk-ka-bere-nje-reagim-zyrtar-ne-lidhje-me-aktakuzen\/","title":{"rendered":"Presidenti Tha\u00e7i akoma nuk ka \u00a0b\u00ebr\u00eb nj\u00eb reagim zyrtar n\u00eb lidhje me aktakuz\u00ebn"},"content":{"rendered":"<p>Presidenti Tha\u00e7i akoma nuk ka \u00a0b\u00ebr\u00eb nj\u00eb reagim zyrtar n\u00eb lidhje me aktakuz\u00ebn q\u00eb Specialja ka ngritur ndaj tij, t\u00eb m\u00ebrkur\u00ebn 24 qershor.Deri m\u00eb tani ai ka reaguar vet\u00ebm duke v\u00ebn\u00eb foto cover-in e faqes s\u00eb tij n\u00eb Facebook logon e U\u00c7K-s\u00eb.Nd\u00ebrsa sot ai ka shtuar n\u00eb p\u00ebrshkrim: Askush nuk mund ta rishkruaj\u00eb historin\u00eb.Kundrejt presidentit Tha\u00e7i, kreut t\u00eb PDK-s\u00eb Kadri Veseli dhe disa emrave t\u00eb tjer\u00eb q\u00eb nuk jan\u00eb b\u00ebr\u00eb t\u00eb ditur, jan\u00eb ngritur akuza se jan\u00eb p\u00ebrgjegj\u00ebs p\u00ebr af\u00ebrsisht 100 vrasje dhe krime ndaj njer\u00ebzimit.P\u00ebr shkak t\u00eb aktakuzave, d\u00ebshtoi edhe takimi i 27 qershorit n\u00eb Uashington, ku do t\u00eb kishte nj\u00eb takim mes krer\u00ebve t\u00eb Kosov\u00ebs dhe Serbis\u00eb.<\/p>\n","protected":false},"excerpt":{"rendered":"<p>Presidenti Tha\u00e7i akoma nuk ka \u00a0b\u00ebr\u00eb nj\u00eb reagim zyrtar n\u00eb lidhje me aktakuz\u00ebn q\u00eb Specialja ka ngritur ndaj tij, t\u00eb m\u00ebrkur\u00ebn 24 qershor.Deri m\u00eb tani ai ka reaguar vet\u00ebm duke v\u00ebn\u00eb foto cover-in e faqes s\u00eb tij n\u00eb Facebook logon e U\u00c7K-s\u00eb.Nd\u00ebrsa sot ai ka shtuar n\u00eb p\u00ebrshkrim: Askush nuk mund ta rishkruaj\u00eb historin\u00eb.Kundrejt presidentit [&hellip;]<\/p>\n","protected":false},"author":2020,"featured_media":114380,"comment_status":"open","ping_status":"closed","sticky":false,"template":"","format":"standard","meta":{"footnotes":""},"categories":[241,235],"tags":[],"class_list":{"0":"post-127409","1":"post","2":"type-post","3":"status-publish","4":"format-standard","5":"has-post-thumbnail","7":"category-aktualitet","8":"category-vendi"},"_links":{"self":[{"href":"https:\/\/zjarr.tv\/sq\/wp-json\/wp\/v2\/posts\/127409","targetHints":{"allow":["GET"]}}],"collection":[{"href":"https:\/\/zjarr.tv\/sq\/wp-json\/wp\/v2\/posts"}],"about":[{"href":"https:\/\/zjarr.tv\/sq\/wp-json\/wp\/v2\/types\/post"}],"author":[{"embeddable":true,"href":"https:\/\/zjarr.tv\/sq\/wp-json\/wp\/v2\/users\/2020"}],"replies":[{"embeddable":true,"href":"https:\/\/zjarr.tv\/sq\/wp-json\/wp\/v2\/comments?post=127409"}],"version-history":[{"count":0,"href":"https:\/\/zjarr.tv\/sq\/wp-json\/wp\/v2\/posts\/127409\/revisions"}],"wp:featuredmedia":[{"embeddable":true,"href":"https:\/\/zjarr.tv\/sq\/wp-json\/wp\/v2\/media\/114380"}],"wp:attachment":[{"href":"https:\/\/zjarr.tv\/sq\/wp-json\/wp\/v2\/media?parent=127409"}],"wp:term":[{"taxonomy":"category","embeddable":true,"href":"https:\/\/zjarr.tv\/sq\/wp-json\/wp\/v2\/categories?post=127409"},{"taxonomy":"post_tag","embeddable":true,"href":"https:\/\/zjarr.tv\/sq\/wp-json\/wp\/v2\/tags?post=127409"}],"curies":[{"name":"wp","href":"https:\/\/api.w.org\/{rel}","templated":true}]}}