{"id":127413,"date":"2020-06-26T15:13:38","date_gmt":"2020-06-26T13:13:38","guid":{"rendered":"https:\/\/zjarr.tv\/?p=127413"},"modified":"2020-06-26T15:13:14","modified_gmt":"2020-06-26T13:13:14","slug":"pendesa-e-tahirit-per-kanabisin","status":"publish","type":"post","link":"https:\/\/zjarr.tv\/sq\/pendesa-e-tahirit-per-kanabisin\/","title":{"rendered":"&#8220;Pendesa&#8221; e Tahirit p\u00ebr kanabisin"},"content":{"rendered":"<p>Saimir Tahiri pas vendimit p\u00ebr ta rikthyer \u00e7\u00ebshtjen e tij p\u00ebr rigjykim, ka folur edhe p\u00ebr \u201cpendes\u00ebs\u201d e tij n\u00eb lidhje me raportimet e kanabisit kur ishte minist\u00ebr.Para gazetar\u00ebve, ai \u00ebsht\u00eb shprehur n\u00ebse duhet t\u00eb b\u00ebnte transparente \u00e7do gj\u00eb, apo ta fshihte t\u00eb v\u00ebrtet\u00ebn p\u00ebr publikun, dhe sipas tij vendosi t\u00eb b\u00ebj\u00eb k\u00ebt\u00eb t\u00eb dyt\u00ebn.<\/p>\n<p><strong>Tahiri:<\/strong>\u00a0<em>Un\u00eb kam luftuar m\u00eb shum\u00eb se gjith\u00eb ata t\u00eb tjer\u00ebt n\u00eb raport me kanabisin. E vetmja gj\u00eb q\u00eb i kam v\u00ebn\u00eb n\u00eb pik\u00ebpyetje vetes, \u00ebsht\u00eb a duhet t\u00eb ishim aq transparent sa duhet me rezultatet e asaj q\u00eb b\u00ebnim deri te \u00e7do bim\u00eb, apo ta fshihnim dhe ju nuk do t\u00eb merrnit vesh asgj\u00eb dhe p\u00ebr rrjedhoj\u00eb nuk do t\u00eb kishte as debat.\u00a0<\/em><em>Un\u00eb zgjodha t\u00eb thoja t\u00eb v\u00ebrtet\u00ebn publikut dhe Shqip\u00ebris\u00eb. Kjo ishte\u00a0Shqip\u00ebria\u00a0\u00a0jon\u00eb. Do t\u00eb ket\u00eb edhe nj\u00eb koh\u00eb q\u00eb do t\u00eb flas edhe politikisht, nd\u00ebrsa tani po flas p\u00ebr pun\u00ebn q\u00eb kam b\u00ebr\u00eb. \u00a0<\/em><\/p>\n","protected":false},"excerpt":{"rendered":"<p>Saimir Tahiri pas vendimit p\u00ebr ta rikthyer \u00e7\u00ebshtjen e tij p\u00ebr rigjykim, ka folur edhe p\u00ebr \u201cpendes\u00ebs\u201d e tij n\u00eb lidhje me raportimet e kanabisit kur ishte minist\u00ebr.Para gazetar\u00ebve, ai \u00ebsht\u00eb shprehur n\u00ebse duhet t\u00eb b\u00ebnte transparente \u00e7do gj\u00eb, apo ta fshihte t\u00eb v\u00ebrtet\u00ebn p\u00ebr publikun, dhe sipas tij vendosi t\u00eb b\u00ebj\u00eb k\u00ebt\u00eb t\u00eb dyt\u00ebn. [&hellip;]<\/p>\n","protected":false},"author":2020,"featured_media":97991,"comment_status":"open","ping_status":"closed","sticky":false,"template":"","format":"standard","meta":{"footnotes":""},"categories":[1],"tags":[],"class_list":{"0":"post-127413","1":"post","2":"type-post","3":"status-publish","4":"format-standard","5":"has-post-thumbnail","7":"category-uncategorized-sq"},"_links":{"self":[{"href":"https:\/\/zjarr.tv\/sq\/wp-json\/wp\/v2\/posts\/127413","targetHints":{"allow":["GET"]}}],"collection":[{"href":"https:\/\/zjarr.tv\/sq\/wp-json\/wp\/v2\/posts"}],"about":[{"href":"https:\/\/zjarr.tv\/sq\/wp-json\/wp\/v2\/types\/post"}],"author":[{"embeddable":true,"href":"https:\/\/zjarr.tv\/sq\/wp-json\/wp\/v2\/users\/2020"}],"replies":[{"embeddable":true,"href":"https:\/\/zjarr.tv\/sq\/wp-json\/wp\/v2\/comments?post=127413"}],"version-history":[{"count":0,"href":"https:\/\/zjarr.tv\/sq\/wp-json\/wp\/v2\/posts\/127413\/revisions"}],"wp:featuredmedia":[{"embeddable":true,"href":"https:\/\/zjarr.tv\/sq\/wp-json\/wp\/v2\/media\/97991"}],"wp:attachment":[{"href":"https:\/\/zjarr.tv\/sq\/wp-json\/wp\/v2\/media?parent=127413"}],"wp:term":[{"taxonomy":"category","embeddable":true,"href":"https:\/\/zjarr.tv\/sq\/wp-json\/wp\/v2\/categories?post=127413"},{"taxonomy":"post_tag","embeddable":true,"href":"https:\/\/zjarr.tv\/sq\/wp-json\/wp\/v2\/tags?post=127413"}],"curies":[{"name":"wp","href":"https:\/\/api.w.org\/{rel}","templated":true}]}}