{"id":127415,"date":"2020-06-26T16:55:36","date_gmt":"2020-06-26T14:55:36","guid":{"rendered":"https:\/\/zjarr.tv\/?p=127415"},"modified":"2020-06-26T16:55:39","modified_gmt":"2020-06-26T14:55:39","slug":"shoqatat-reflektojne-percarjen-ne-kushtet-per-qeverine","status":"publish","type":"post","link":"https:\/\/zjarr.tv\/sq\/shoqatat-reflektojne-percarjen-ne-kushtet-per-qeverine\/","title":{"rendered":"shoqatat reflektojn\u00eb \u201cp\u00ebr\u00e7arjen\u201d n\u00eb kushtet p\u00ebr qeverin\u00eb"},"content":{"rendered":"<p><em>Transporti nd\u00ebrqytetas do t\u00eb vijoj\u00eb pavar\u00ebsisht thirrjes s\u00eb nj\u00eb pjes\u00eb t\u00eb operator\u00ebve p\u00ebr ta nd\u00ebrprer\u00eb deri n\u00eb leht\u00ebsimin e protokollit t\u00eb l\u00ebvizjes. Por operator\u00ebt q\u00eb kan\u00eb nisur pun\u00ebn refuzuan duke treguar edhe p\u00ebrplasjet mes shoqatave. <\/em>Operator\u00ebt e transportit nd\u00ebrurban q\u00eb tashm\u00eb e kan\u00eb nisur pun\u00ebn refuzojn\u00eb thirrjen e koleg\u00ebve p\u00ebr t\u00eb nd\u00ebrprer\u00eb sh\u00ebrbimin ndaj qytetar\u00ebve deri n\u00eb zbutjen e protokollit t\u00eb l\u00ebvizjes nga Ministria e Sh\u00ebndet\u00ebsis\u00eb.<\/p>\n<p><em>\u201cDo t\u00eb vazhdojm\u00eb pun\u00ebn si\u00e7 kemi vazhduar. Pun\u00ebn ton\u00eb mund ta ndaloj\u00eb ose qeveria ose koronavirusi\u201d. <\/em>An\u00ebtar\u00eb t\u00eb Shoqat\u00ebs s\u00eb Bashkuar Komb\u00ebtare te Transportit n\u00eb disa qytete t\u00eb vendit deklaruan se ata do t\u00eb vazhdojn\u00eb pun\u00ebn sipas protokollit me 13 pika t\u00eb p\u00ebrcaktuar p\u00ebr l\u00ebvizjen e udh\u00ebtar\u00ebve.<\/p>\n<p><em>\u201cNe jemi detyruar t\u00eb b\u00ebhemi polic\u00eb brenda autobusit ton\u00eb\u201d. <\/em>Me q\u00ebndrimet e ndryshme p\u00ebr protokollin reflektojn\u00eb p\u00ebr\u00e7arjen dhe konfliktet mes shoqatave. <em>\u201cMe ato kushte q\u00eb na ka vendosur shteti dhe sot k\u00ebrkojm\u00eb t\u00eb vazhdojm\u00eb pun\u00eb\u201d. <\/em>Por t\u00eb dyja pal\u00ebt bashkoh\u00ebn n\u00eb ndihm\u00ebn q\u00eb k\u00ebrkojn\u00eb nga qeveria.<\/p>\n<p><em>\u201cDhe kemi r\u00ebn\u00eb dakord n\u00eb 4 pika q\u00eb na jan\u00eb plot\u00ebsuar, jemi n\u00eb negociata dhe p\u00ebr dy pika t\u00eb tjera p\u00ebr akciz\u00ebn e naft\u00ebs. Ishalla na i marrin n\u00eb konsiderat\u00eb, ne nuk futemi n\u00eb grev\u00eb\u201d. <\/em>Transporti nd\u00ebrqytetas nisi t\u00eb m\u00ebrkur\u00ebn n\u00eb pjes\u00ebn m\u00eb t\u00eb madhe t\u00eb vendit, nd\u00ebrsa n\u00eb Tiran\u00eb, urban\u00ebt ende nuk jan\u00eb rikthyer n\u00eb pun\u00eb.<\/p>\n","protected":false},"excerpt":{"rendered":"<p>Transporti nd\u00ebrqytetas do t\u00eb vijoj\u00eb pavar\u00ebsisht thirrjes s\u00eb nj\u00eb pjes\u00eb t\u00eb operator\u00ebve p\u00ebr ta nd\u00ebrprer\u00eb deri n\u00eb leht\u00ebsimin e protokollit t\u00eb l\u00ebvizjes. Por operator\u00ebt q\u00eb kan\u00eb nisur pun\u00ebn refuzuan duke treguar edhe p\u00ebrplasjet mes shoqatave. Operator\u00ebt e transportit nd\u00ebrurban q\u00eb tashm\u00eb e kan\u00eb nisur pun\u00ebn refuzojn\u00eb thirrjen e koleg\u00ebve p\u00ebr t\u00eb nd\u00ebrprer\u00eb sh\u00ebrbimin ndaj qytetar\u00ebve [&hellip;]<\/p>\n","protected":false},"author":2020,"featured_media":78847,"comment_status":"open","ping_status":"closed","sticky":false,"template":"","format":"standard","meta":{"footnotes":""},"categories":[241,231,235],"tags":[],"class_list":{"0":"post-127415","1":"post","2":"type-post","3":"status-publish","4":"format-standard","5":"has-post-thumbnail","7":"category-aktualitet","8":"category-lajme","9":"category-vendi"},"_links":{"self":[{"href":"https:\/\/zjarr.tv\/sq\/wp-json\/wp\/v2\/posts\/127415","targetHints":{"allow":["GET"]}}],"collection":[{"href":"https:\/\/zjarr.tv\/sq\/wp-json\/wp\/v2\/posts"}],"about":[{"href":"https:\/\/zjarr.tv\/sq\/wp-json\/wp\/v2\/types\/post"}],"author":[{"embeddable":true,"href":"https:\/\/zjarr.tv\/sq\/wp-json\/wp\/v2\/users\/2020"}],"replies":[{"embeddable":true,"href":"https:\/\/zjarr.tv\/sq\/wp-json\/wp\/v2\/comments?post=127415"}],"version-history":[{"count":0,"href":"https:\/\/zjarr.tv\/sq\/wp-json\/wp\/v2\/posts\/127415\/revisions"}],"wp:featuredmedia":[{"embeddable":true,"href":"https:\/\/zjarr.tv\/sq\/wp-json\/wp\/v2\/media\/78847"}],"wp:attachment":[{"href":"https:\/\/zjarr.tv\/sq\/wp-json\/wp\/v2\/media?parent=127415"}],"wp:term":[{"taxonomy":"category","embeddable":true,"href":"https:\/\/zjarr.tv\/sq\/wp-json\/wp\/v2\/categories?post=127415"},{"taxonomy":"post_tag","embeddable":true,"href":"https:\/\/zjarr.tv\/sq\/wp-json\/wp\/v2\/tags?post=127415"}],"curies":[{"name":"wp","href":"https:\/\/api.w.org\/{rel}","templated":true}]}}