{"id":127441,"date":"2020-06-27T15:32:36","date_gmt":"2020-06-27T13:32:36","guid":{"rendered":"https:\/\/zjarr.tv\/?p=127441"},"modified":"2020-06-27T14:36:31","modified_gmt":"2020-06-27T12:36:31","slug":"pedagogia-testi-i-matures-nuk-ishte-ne-nivelin-e-duhur","status":"publish","type":"post","link":"https:\/\/zjarr.tv\/sq\/pedagogia-testi-i-matures-nuk-ishte-ne-nivelin-e-duhur\/","title":{"rendered":"Pedagogia: Testi i matur\u00ebs nuk ishte n\u00eb nivelin e duhur"},"content":{"rendered":"<p>Pedagogia Irsa Ru\u00e7i foli p\u00ebr Matur\u00ebn Shtet\u00ebrore dhe testin aq t\u00eb debatuar t\u00eb Gjuh\u00ebs Shqipe dhe Let\u00ebrsis\u00eb. Pedagogia tha se testi i matur\u00ebs nuk ishte n\u00eb nivelin e duhur, nd\u00ebrsa kritikoi ashp\u00ebr edhe p\u00ebrkthimin jo t\u00eb sakt\u00eb t\u00eb pyetjeve, duke h\u00ebn\u00eb se fakti q\u00eb duan ta modernizojn\u00eb testin nuk do t\u00eb thot\u00eb ta banalizojn\u00eb at\u00eb.<\/p>\n<p>M\u00eb tej, ai foli dhe p\u00ebr propozimin e saj p\u00ebr t\u2019i l\u00ebn\u00eb maturant\u00ebt t\u00eb zgjedhin t\u00eb lir\u00eb deg\u00ebt q\u00eb ata duan p\u00ebr n\u00eb universitet dhe t\u00eb mos ken\u00eb kufizime, pasi nj\u00eb gj\u00eb e till\u00eb ndikon negativisht n\u00eb dijen e tyre.<\/p>\n<p>\u201cDo vazhdoj\u00eb t\u00eb b\u00ebhet nj\u00eb zhurm\u00eb e madhe, n\u00ebse ne nuk reflektojm\u00eb. Nuk \u00ebsht\u00eb e rastit kjo q\u00eb ndodhi, ishte momenti ku ne duhet t\u00eb marrim p\u00ebrgjegj\u00ebsit\u00eb p\u00ebr t\u00eb par\u00eb n\u00eb nj\u00eb k\u00ebndv\u00ebshtrim m\u00eb t\u00eb gjer\u00eb se matura. Ai test ndoshta mund t\u00eb sh\u00ebrbej\u00eb si nj\u00eb trampolin\u00eb prej ku duhet t\u00eb kapen. Provimi i b\u00ebri t\u00eb rinjt\u00eb t\u00eb kuptojn\u00eb se di\u00e7ka duhet t\u00eb ndryshoj\u00eb\u201d, tha pedagogia.<\/p>\n","protected":false},"excerpt":{"rendered":"<p>Pedagogia Irsa Ru\u00e7i foli p\u00ebr Matur\u00ebn Shtet\u00ebrore dhe testin aq t\u00eb debatuar t\u00eb Gjuh\u00ebs Shqipe dhe Let\u00ebrsis\u00eb. Pedagogia tha se testi i matur\u00ebs nuk ishte n\u00eb nivelin e duhur, nd\u00ebrsa kritikoi ashp\u00ebr edhe p\u00ebrkthimin jo t\u00eb sakt\u00eb t\u00eb pyetjeve, duke h\u00ebn\u00eb se fakti q\u00eb duan ta modernizojn\u00eb testin nuk do t\u00eb thot\u00eb ta banalizojn\u00eb at\u00eb. [&hellip;]<\/p>\n","protected":false},"author":2020,"featured_media":0,"comment_status":"open","ping_status":"closed","sticky":false,"template":"","format":"standard","meta":{"footnotes":""},"categories":[241,235],"tags":[],"class_list":{"0":"post-127441","1":"post","2":"type-post","3":"status-publish","4":"format-standard","6":"category-aktualitet","7":"category-vendi"},"_links":{"self":[{"href":"https:\/\/zjarr.tv\/sq\/wp-json\/wp\/v2\/posts\/127441","targetHints":{"allow":["GET"]}}],"collection":[{"href":"https:\/\/zjarr.tv\/sq\/wp-json\/wp\/v2\/posts"}],"about":[{"href":"https:\/\/zjarr.tv\/sq\/wp-json\/wp\/v2\/types\/post"}],"author":[{"embeddable":true,"href":"https:\/\/zjarr.tv\/sq\/wp-json\/wp\/v2\/users\/2020"}],"replies":[{"embeddable":true,"href":"https:\/\/zjarr.tv\/sq\/wp-json\/wp\/v2\/comments?post=127441"}],"version-history":[{"count":0,"href":"https:\/\/zjarr.tv\/sq\/wp-json\/wp\/v2\/posts\/127441\/revisions"}],"wp:attachment":[{"href":"https:\/\/zjarr.tv\/sq\/wp-json\/wp\/v2\/media?parent=127441"}],"wp:term":[{"taxonomy":"category","embeddable":true,"href":"https:\/\/zjarr.tv\/sq\/wp-json\/wp\/v2\/categories?post=127441"},{"taxonomy":"post_tag","embeddable":true,"href":"https:\/\/zjarr.tv\/sq\/wp-json\/wp\/v2\/tags?post=127441"}],"curies":[{"name":"wp","href":"https:\/\/api.w.org\/{rel}","templated":true}]}}