{"id":127543,"date":"2020-06-29T19:30:30","date_gmt":"2020-06-29T17:30:30","guid":{"rendered":"https:\/\/zjarr.tv\/?p=127543"},"modified":"2020-06-29T18:17:41","modified_gmt":"2020-06-29T16:17:41","slug":"urdherarrest-per-trump-irani-kerkon-koken-e-presidentit-amerikan","status":"publish","type":"post","link":"https:\/\/zjarr.tv\/sq\/urdherarrest-per-trump-irani-kerkon-koken-e-presidentit-amerikan\/","title":{"rendered":"Urdh\u00ebrarrest p\u00ebr Trump. Irani k\u00ebrkon \u2018kok\u00ebn\u2019 e presidentit amerikan"},"content":{"rendered":"<p>Shteti iranian ka shp\u00ebrndar\u00eb nj\u00eb urdh\u00ebrarrest nd\u00ebrkomb\u00ebtar n\u00eb d\u00ebm t\u00eb nj\u00eb njeriu q\u00eb pakkush do t\u00eb guxonte ta arrestonte, presidentit amerikan Donald Trump dhe disa personave t\u00eb tjer\u00eb t\u00eb p\u00ebrfshir\u00eb n\u00eb sulmin me dron q\u00eb vrau nj\u00eb gjeneral iranian n\u00eb Bagdad. Prokuroria e Teheranit deklaroi t\u00eb h\u00ebn\u00ebn se Trump, bashk\u00eb me 30 persona t\u00eb tjer\u00eb q\u00eb Republika Islamike i akuzon p\u00ebr p\u00ebrfshirje n\u00eb atentatin e 3 janarit, p\u00ebrballen me akuzat e vrasjes dhe terrorizmit. Sipas agjencis\u00eb gjysm\u00ebshtet\u00ebrore t\u00eb lajmeve \u201cISNA\u201d, prokuroria nuk identifikoi persona t\u00eb tjer\u00eb p\u00ebrve\u00e7 Trump, por theksoi se Irani do t\u00eb vazhdoj\u00eb ndjekjen penale t\u00eb tij edhe kur ai t\u00eb mos jet\u00eb m\u00eb president. Teherani zyrtar b\u00ebri me dije m\u00eb tej se kishte l\u00ebshuar nj\u00eb urdh\u00ebrarrest t\u00eb nivelit t\u00eb kuq, q\u00eb \u00ebsht\u00eb m\u00eb i larti q\u00eb mund t\u00eb l\u00ebshohet dhe q\u00eb i k\u00ebrkon Interpol-it k\u00ebrkimin, lokalizimin dhe arrestimin e individit t\u00eb identifikuar.\u00a0 Interpol, agjencia policore me baz\u00eb n\u00eb Lion, nuk iu p\u00ebrgjigj k\u00ebrkes\u00ebs p\u00ebr nj\u00eb koment, por ka pak gjasa q\u00eb t\u00eb plot\u00ebsoj\u00eb k\u00ebrkes\u00ebn e Iranit, mes t\u00eb tjerash sepse protokolli i tij i ndalon arrestimet q\u00eb kan\u00eb natyr\u00eb politike. Shtetet e Bashkuara vran\u00eb gjeneralin Qassem Soleimani, q\u00eb drejtonte Gard\u00ebn Revolucionare Iraniane, n\u00eb nj\u00eb sulm n\u00eb af\u00ebrsi t\u00eb aeroportit t\u00eb Bagdadit n\u00eb muajin janar. Vrasja erdhi pas muaj incidentesh mes dy vendeve dhe \u00e7oi n\u00eb reagimin e Iranit q\u00eb sulmoi me raketa nj\u00eb baz\u00eb amerikane n\u00eb Irak.<\/p>\n","protected":false},"excerpt":{"rendered":"<p>Shteti iranian ka shp\u00ebrndar\u00eb nj\u00eb urdh\u00ebrarrest nd\u00ebrkomb\u00ebtar n\u00eb d\u00ebm t\u00eb nj\u00eb njeriu q\u00eb pakkush do t\u00eb guxonte ta arrestonte, presidentit amerikan Donald Trump dhe disa personave t\u00eb tjer\u00eb t\u00eb p\u00ebrfshir\u00eb n\u00eb sulmin me dron q\u00eb vrau nj\u00eb gjeneral iranian n\u00eb Bagdad. Prokuroria e Teheranit deklaroi t\u00eb h\u00ebn\u00ebn se Trump, bashk\u00eb me 30 persona t\u00eb tjer\u00eb [&hellip;]<\/p>\n","protected":false},"author":2020,"featured_media":59741,"comment_status":"open","ping_status":"closed","sticky":false,"template":"","format":"standard","meta":{"footnotes":""},"categories":[1],"tags":[],"class_list":{"0":"post-127543","1":"post","2":"type-post","3":"status-publish","4":"format-standard","5":"has-post-thumbnail","7":"category-uncategorized-sq"},"_links":{"self":[{"href":"https:\/\/zjarr.tv\/sq\/wp-json\/wp\/v2\/posts\/127543","targetHints":{"allow":["GET"]}}],"collection":[{"href":"https:\/\/zjarr.tv\/sq\/wp-json\/wp\/v2\/posts"}],"about":[{"href":"https:\/\/zjarr.tv\/sq\/wp-json\/wp\/v2\/types\/post"}],"author":[{"embeddable":true,"href":"https:\/\/zjarr.tv\/sq\/wp-json\/wp\/v2\/users\/2020"}],"replies":[{"embeddable":true,"href":"https:\/\/zjarr.tv\/sq\/wp-json\/wp\/v2\/comments?post=127543"}],"version-history":[{"count":0,"href":"https:\/\/zjarr.tv\/sq\/wp-json\/wp\/v2\/posts\/127543\/revisions"}],"wp:featuredmedia":[{"embeddable":true,"href":"https:\/\/zjarr.tv\/sq\/wp-json\/wp\/v2\/media\/59741"}],"wp:attachment":[{"href":"https:\/\/zjarr.tv\/sq\/wp-json\/wp\/v2\/media?parent=127543"}],"wp:term":[{"taxonomy":"category","embeddable":true,"href":"https:\/\/zjarr.tv\/sq\/wp-json\/wp\/v2\/categories?post=127543"},{"taxonomy":"post_tag","embeddable":true,"href":"https:\/\/zjarr.tv\/sq\/wp-json\/wp\/v2\/tags?post=127543"}],"curies":[{"name":"wp","href":"https:\/\/api.w.org\/{rel}","templated":true}]}}