{"id":127556,"date":"2020-06-30T15:10:00","date_gmt":"2020-06-30T13:10:00","guid":{"rendered":"https:\/\/zjarr.tv\/?p=127556"},"modified":"2020-06-30T15:07:33","modified_gmt":"2020-06-30T13:07:33","slug":"skandal-4-te-infektuar-mbyllin-sherbimin-epidemiologjik-durres","status":"publish","type":"post","link":"https:\/\/zjarr.tv\/sq\/skandal-4-te-infektuar-mbyllin-sherbimin-epidemiologjik-durres\/","title":{"rendered":"Skandal\/4 t\u00eb infektuar &#8216;mbyllin&#8217; Sh\u00ebrbimin epidemiologjik Durr\u00ebs!"},"content":{"rendered":"<p>Infektimi i\u00a0 personave, pjes\u00eb e personelit t\u00eb Sh\u00ebrbimin epidemiologjik Durr\u00ebs jan\u00eb b\u00ebr\u00eb shkak q\u00eb i gjith\u00eb stafi t\u00eb shkoj\u00eb n\u00eb banesat e tyre duke e nxjerr\u00eb k\u00ebt\u00eb institucion jasht\u00eb funksioni. Burimet b\u00ebjn\u00eb t\u00eb ditur se i fundit q\u00eb ka ikur n\u00eb banes\u00ebn e tij, \u00ebsht\u00eb shoferi i ambulanc\u00ebs, i cili transporton personelin q\u00eb merr tampon\u00ebt. Ky institucion ka marr\u00eb dit\u00ebn e sotme vet\u00ebm disa tampon\u00eb te Sht\u00ebpia e F\u00ebmij\u00ebs dhe m\u00eb pas personeli \u00ebsht\u00eb larguar p\u00ebr n\u00eb banesat e tyre. Ky \u00ebsht\u00eb institucioni i cil\u00ebn b\u00ebn tampon\u00ebt e personave t\u00eb prekur dhe sot ai del jasht\u00eb funksionit duke l\u00ebn\u00eb n\u00eb m\u00ebshir\u00eb t\u00eb fatit t\u00eb gjith\u00eb t\u00eb infektuarit. Nj\u00eb urdh\u00ebr edhe m\u00eb skandaloz pas k\u00ebsaj situate t\u00eb r\u00ebnd\u00eb \u00ebsht\u00eb ai i Ministris\u00eb s\u00eb Sh\u00ebndet\u00ebsis\u00eb ku thot\u00eb se kush personel \u00ebsht\u00eb asimptomaktik duhet t\u00eb dal\u00eb n\u00eb pun\u00eb. Sipas urdhrit t\u00eb Ministris\u00eb s\u00eb Sh\u00ebndet\u00ebsis\u00eb, n\u00ebse personeli i k\u00ebsaj drejtorie \u00ebsht\u00eb asimptomatik duhet t\u00eb dal\u00eb n\u00eb pun\u00eb, nj\u00eb urdh\u00ebr skandal duke rrezikuar k\u00ebshtu jet\u00ebn e gjith\u00eb personelit por dhe qytetar\u00ebve t\u00eb cil\u00ebve u b\u00ebhet tamponi. Lidhur me situat\u00ebn specialisti Zija Alhysa sqaron se aktualisht n\u00eb k\u00ebt\u00eb sh\u00ebrbim nuk \u00ebsht\u00eb m\u00eb askush n\u00eb pun\u00eb p\u00ebr shkak t\u00eb rasteve pozitive dhe se punonj\u00ebsit duhet t\u00eb q\u00ebndrojn\u00eb n\u00eb karantin\u00eb. Alhysa tha se priten udh\u00ebzime nga Ministria e Sh\u00ebndet\u00ebsis\u00eb sesi do t\u00eb funksionoj\u00eb ky sh\u00ebrbim, pasi n\u00ebse t\u00eb gjith\u00eb shkojn\u00eb n\u00eb sht\u00ebpi nuk dihet se si do t\u00eb veprohet.<\/p>\n","protected":false},"excerpt":{"rendered":"<p>Infektimi i\u00a0 personave, pjes\u00eb e personelit t\u00eb Sh\u00ebrbimin epidemiologjik Durr\u00ebs jan\u00eb b\u00ebr\u00eb shkak q\u00eb i gjith\u00eb stafi t\u00eb shkoj\u00eb n\u00eb banesat e tyre duke e nxjerr\u00eb k\u00ebt\u00eb institucion jasht\u00eb funksioni. Burimet b\u00ebjn\u00eb t\u00eb ditur se i fundit q\u00eb ka ikur n\u00eb banes\u00ebn e tij, \u00ebsht\u00eb shoferi i ambulanc\u00ebs, i cili transporton personelin q\u00eb merr tampon\u00ebt. [&hellip;]<\/p>\n","protected":false},"author":2020,"featured_media":0,"comment_status":"open","ping_status":"closed","sticky":false,"template":"","format":"standard","meta":{"footnotes":""},"categories":[1],"tags":[],"class_list":{"0":"post-127556","1":"post","2":"type-post","3":"status-publish","4":"format-standard","6":"category-uncategorized-sq"},"_links":{"self":[{"href":"https:\/\/zjarr.tv\/sq\/wp-json\/wp\/v2\/posts\/127556","targetHints":{"allow":["GET"]}}],"collection":[{"href":"https:\/\/zjarr.tv\/sq\/wp-json\/wp\/v2\/posts"}],"about":[{"href":"https:\/\/zjarr.tv\/sq\/wp-json\/wp\/v2\/types\/post"}],"author":[{"embeddable":true,"href":"https:\/\/zjarr.tv\/sq\/wp-json\/wp\/v2\/users\/2020"}],"replies":[{"embeddable":true,"href":"https:\/\/zjarr.tv\/sq\/wp-json\/wp\/v2\/comments?post=127556"}],"version-history":[{"count":0,"href":"https:\/\/zjarr.tv\/sq\/wp-json\/wp\/v2\/posts\/127556\/revisions"}],"wp:attachment":[{"href":"https:\/\/zjarr.tv\/sq\/wp-json\/wp\/v2\/media?parent=127556"}],"wp:term":[{"taxonomy":"category","embeddable":true,"href":"https:\/\/zjarr.tv\/sq\/wp-json\/wp\/v2\/categories?post=127556"},{"taxonomy":"post_tag","embeddable":true,"href":"https:\/\/zjarr.tv\/sq\/wp-json\/wp\/v2\/tags?post=127556"}],"curies":[{"name":"wp","href":"https:\/\/api.w.org\/{rel}","templated":true}]}}