{"id":127559,"date":"2020-06-30T15:15:38","date_gmt":"2020-06-30T13:15:38","guid":{"rendered":"https:\/\/zjarr.tv\/?p=127559"},"modified":"2020-06-30T15:09:15","modified_gmt":"2020-06-30T13:09:15","slug":"paga-e-luftes-favorizon-biznesin-neglizhon-turizmin","status":"publish","type":"post","link":"https:\/\/zjarr.tv\/sq\/paga-e-luftes-favorizon-biznesin-neglizhon-turizmin\/","title":{"rendered":"Paga e luft\u00ebs favorizon biznesin, neglizhon turizmin"},"content":{"rendered":"<p>Paga e luftes eshte shperndare me shume per punonjesit e bizneseve te vogla.Nd\u00ebrsa m\u00eb t\u00eb neglizhuarit i p\u00ebrkasin sektorit t\u00eb turizmit. Sipas Ministris\u00eb s\u00eb Financave deri m\u00eb 25 qershor e mor\u00ebn pag\u00ebn 40 mij\u00eb lek\u00eb, 4 mij\u00eb e 874 persona nga 10 mij\u00eb p\u00ebrfitues t\u00eb parashikuar n\u00eb fillim pas hartimit t\u00eb paket\u00ebs s\u00eb zgjeruar, pra m\u00eb pak se gjysma. Nga t\u00eb dh\u00ebnat e p\u00ebrdit\u00ebsuara deri m\u00eb dat\u00eb 25 qershor, bonusi financiar \u00ebsht\u00eb marr\u00eb nga 9 mij\u00eb e 366 punonj\u00ebs t\u00eb biznesit t\u00eb madh, nd\u00ebrkoh\u00eb jan\u00eb n\u00eb proces l\u00ebvrimi pagat edhe p\u00ebr nj\u00eb num\u00ebr t\u00eb vog\u00ebl punonj\u00ebsish t\u00eb tjer\u00eb. Nga 169 mij\u00eb p\u00ebrfituesit e pag\u00ebs s\u00eb luft\u00ebs, rreth 64 mij\u00eb prej tyre jan\u00eb t\u00eb larguar nga puna gjat\u00eb periudh\u00ebs 1 mars deri m\u00eb 17 maj t\u00eb cil\u00ebt e kan\u00eb p\u00ebrfituar pag\u00ebn prej 40 mij\u00eb lek\u00eb. 364 t\u00eb tjer\u00eb jan\u00eb n\u00eb pritje. Procesi \u00ebsht\u00eb shoq\u00ebruar edhe me ankesa, pasi jan\u00eb mbi 22 mij\u00eb punonj\u00ebs q\u00eb kan\u00eb marr\u00eb pag\u00ebn prej 40 mij\u00eb lek\u00ebsh pasi kan\u00eb ngritur shqet\u00ebsimin. Nd\u00ebrkoh\u00eb q\u00eb vijohet edhe me shqyrtimin e ankesave t\u00eb tjera dhe formular\u00ebve t\u00eb dor\u00ebzuar nga biznesi me arsyet e mos-aplikimit. Nga paketa e dyt\u00eb fillimisht u parashikua q\u00eb numri i p\u00ebrfituesve t\u00eb ishte 176 mij\u00eb, dhe me ndryshimet q\u00eb p\u00ebsoi vendimi n\u00eb muajin maj numri real i p\u00ebrfituesve arriti n\u00eb 210 mij\u00eb punonj\u00ebs p\u00ebrfshir\u00eb edhe 721 punonj\u00ebs t\u00eb rafineris\u00eb s\u00eb Naft\u00ebs n\u00eb Ballsh.<\/p>\n","protected":false},"excerpt":{"rendered":"<p>Paga e luftes eshte shperndare me shume per punonjesit e bizneseve te vogla.Nd\u00ebrsa m\u00eb t\u00eb neglizhuarit i p\u00ebrkasin sektorit t\u00eb turizmit. Sipas Ministris\u00eb s\u00eb Financave deri m\u00eb 25 qershor e mor\u00ebn pag\u00ebn 40 mij\u00eb lek\u00eb, 4 mij\u00eb e 874 persona nga 10 mij\u00eb p\u00ebrfitues t\u00eb parashikuar n\u00eb fillim pas hartimit t\u00eb paket\u00ebs s\u00eb zgjeruar, pra [&hellip;]<\/p>\n","protected":false},"author":2020,"featured_media":125300,"comment_status":"open","ping_status":"closed","sticky":false,"template":"","format":"standard","meta":{"footnotes":""},"categories":[1],"tags":[],"class_list":{"0":"post-127559","1":"post","2":"type-post","3":"status-publish","4":"format-standard","5":"has-post-thumbnail","7":"category-uncategorized-sq"},"_links":{"self":[{"href":"https:\/\/zjarr.tv\/sq\/wp-json\/wp\/v2\/posts\/127559","targetHints":{"allow":["GET"]}}],"collection":[{"href":"https:\/\/zjarr.tv\/sq\/wp-json\/wp\/v2\/posts"}],"about":[{"href":"https:\/\/zjarr.tv\/sq\/wp-json\/wp\/v2\/types\/post"}],"author":[{"embeddable":true,"href":"https:\/\/zjarr.tv\/sq\/wp-json\/wp\/v2\/users\/2020"}],"replies":[{"embeddable":true,"href":"https:\/\/zjarr.tv\/sq\/wp-json\/wp\/v2\/comments?post=127559"}],"version-history":[{"count":0,"href":"https:\/\/zjarr.tv\/sq\/wp-json\/wp\/v2\/posts\/127559\/revisions"}],"wp:featuredmedia":[{"embeddable":true,"href":"https:\/\/zjarr.tv\/sq\/wp-json\/wp\/v2\/media\/125300"}],"wp:attachment":[{"href":"https:\/\/zjarr.tv\/sq\/wp-json\/wp\/v2\/media?parent=127559"}],"wp:term":[{"taxonomy":"category","embeddable":true,"href":"https:\/\/zjarr.tv\/sq\/wp-json\/wp\/v2\/categories?post=127559"},{"taxonomy":"post_tag","embeddable":true,"href":"https:\/\/zjarr.tv\/sq\/wp-json\/wp\/v2\/tags?post=127559"}],"curies":[{"name":"wp","href":"https:\/\/api.w.org\/{rel}","templated":true}]}}