{"id":130263,"date":"2020-07-26T18:57:45","date_gmt":"2020-07-26T16:57:45","guid":{"rendered":"https:\/\/zjarr.tv\/?p=130263"},"modified":"2020-07-26T18:58:37","modified_gmt":"2020-07-26T16:58:37","slug":"tragjike-ne-lezhe-mbytet-nje-12-vjecare","status":"publish","type":"post","link":"https:\/\/zjarr.tv\/sq\/tragjike-ne-lezhe-mbytet-nje-12-vjecare\/","title":{"rendered":"Tragjike n\u00eb Lezh\u00eb\/ Mbytet nj\u00eb 12 vjecar\u00eb"},"content":{"rendered":"<p>Nj\u00eb ngjarje e r\u00ebnd\u00eb ka ndodhur pasditen e sotme n\u00eb plazhin e Tales n\u00eb Lezh\u00eb.<\/p>\n<p>Nj\u00eb f\u00ebmij\u00eb vet\u00ebm 12 vje\u00e7 \u00ebsht\u00eb mbytur n\u00eb uj\u00ebrat e Adriatikut.<\/p>\n<p>M\u00ebsohet se 12-vje\u00e7ari ishte nga Borizana, Fush\u00eb Kruj\u00eb dhe kishte shkuar p\u00ebr pushime me familjen.<\/p>\n<p>Policia po punon p\u00ebr zbardhjen e ngjarjes s\u00eb r\u00ebnd\u00eb.<\/p>\n","protected":false},"excerpt":{"rendered":"<p>Nj\u00eb ngjarje e r\u00ebnd\u00eb ka ndodhur pasditen e sotme n\u00eb plazhin e Tales n\u00eb Lezh\u00eb. Nj\u00eb f\u00ebmij\u00eb vet\u00ebm 12 vje\u00e7 \u00ebsht\u00eb mbytur n\u00eb uj\u00ebrat e Adriatikut. M\u00ebsohet se 12-vje\u00e7ari ishte nga Borizana, Fush\u00eb Kruj\u00eb dhe kishte shkuar p\u00ebr pushime me familjen. Policia po punon p\u00ebr zbardhjen e ngjarjes s\u00eb r\u00ebnd\u00eb.<\/p>\n","protected":false},"author":2020,"featured_media":130267,"comment_status":"open","ping_status":"closed","sticky":false,"template":"","format":"standard","meta":{"footnotes":""},"categories":[241],"tags":[],"class_list":{"0":"post-130263","1":"post","2":"type-post","3":"status-publish","4":"format-standard","5":"has-post-thumbnail","7":"category-aktualitet"},"_links":{"self":[{"href":"https:\/\/zjarr.tv\/sq\/wp-json\/wp\/v2\/posts\/130263","targetHints":{"allow":["GET"]}}],"collection":[{"href":"https:\/\/zjarr.tv\/sq\/wp-json\/wp\/v2\/posts"}],"about":[{"href":"https:\/\/zjarr.tv\/sq\/wp-json\/wp\/v2\/types\/post"}],"author":[{"embeddable":true,"href":"https:\/\/zjarr.tv\/sq\/wp-json\/wp\/v2\/users\/2020"}],"replies":[{"embeddable":true,"href":"https:\/\/zjarr.tv\/sq\/wp-json\/wp\/v2\/comments?post=130263"}],"version-history":[{"count":0,"href":"https:\/\/zjarr.tv\/sq\/wp-json\/wp\/v2\/posts\/130263\/revisions"}],"wp:featuredmedia":[{"embeddable":true,"href":"https:\/\/zjarr.tv\/sq\/wp-json\/wp\/v2\/media\/130267"}],"wp:attachment":[{"href":"https:\/\/zjarr.tv\/sq\/wp-json\/wp\/v2\/media?parent=130263"}],"wp:term":[{"taxonomy":"category","embeddable":true,"href":"https:\/\/zjarr.tv\/sq\/wp-json\/wp\/v2\/categories?post=130263"},{"taxonomy":"post_tag","embeddable":true,"href":"https:\/\/zjarr.tv\/sq\/wp-json\/wp\/v2\/tags?post=130263"}],"curies":[{"name":"wp","href":"https:\/\/api.w.org\/{rel}","templated":true}]}}