{"id":130268,"date":"2020-07-26T19:01:17","date_gmt":"2020-07-26T17:01:17","guid":{"rendered":"https:\/\/zjarr.tv\/?p=130268"},"modified":"2020-07-26T19:01:42","modified_gmt":"2020-07-26T17:01:42","slug":"vaksinimi-i-te-gjithe-qytetareve-basha-qeveria-shqiptare-te-marre-masa","status":"publish","type":"post","link":"https:\/\/zjarr.tv\/sq\/vaksinimi-i-te-gjithe-qytetareve-basha-qeveria-shqiptare-te-marre-masa\/","title":{"rendered":"Vaksinimi i t\u00eb gjith\u00eb qytetar\u00ebve\/Basha &#8220;Qeveria Shqiptare t\u00eb marr\u00eb masa&#8221;"},"content":{"rendered":"<p>Kreu i PD-s\u00eb Lulzim Basha ka b\u00ebr\u00eb thirrje q\u00eb qeveria shqiptare t\u00eb marr\u00eb masat p\u00ebr t\u00eb vaksinuar qytetar\u00ebt nga gripi sezonal.<\/p>\n<p>Basha shkruan se kjo gj\u00eb duhet b\u00ebr\u00eb falas dhe vaksina duhet t\u00eb sigurohet nga shteti.<\/p>\n<div id=\"rekl-28\"><strong>Reagimi i plot\u00eb i kreut t\u00eb PD-s\u00eb, Lulzim Basha:<\/strong><\/div>\n<div id=\"rekl-13\"><\/div>\n<p><em>Me nj\u00eb situat\u00eb pandemie q\u00eb fatkeq\u00ebsisht r\u00ebndohet p\u00ebrdit\u00eb, ne duhet t\u00eb marrim t\u00eb gjitha masat e duhura p\u00ebr t\u00eb leht\u00ebsuar sa m\u00eb shum\u00eb sistemin sh\u00ebndet\u00ebsor dhe mjek\u00ebt dhe infermier\u00ebt q\u00eb jan\u00eb p\u00ebrdit\u00eb n\u00eb vij\u00ebn e par\u00eb t\u00eb betej\u00ebs me virusin.<\/em><\/p>\n<div id=\"rekl-42\"><\/div>\n<div id=\"rekl-57\"><\/div>\n<p><em>P\u00ebrve\u00e7 zbatimit t\u00eb masave t\u00eb distancimit social, mbajtjes s\u00eb mask\u00ebs dhe higjen\u00ebs si dhe rritjes s\u00eb domosdoshme t\u00eb kapaciteteve t\u00eb testimit, qeveria duhet t\u00eb marr\u00eb urgjentisht masat dhe t\u00eb siguroj\u00eb vaksin\u00ebn e gripit falas p\u00ebr t\u00eb gjith\u00eb popullsin\u00eb n\u00eb vjesht\u00eb.<\/em><\/p>\n<p><em>Kjo do t\u00eb mbronte shqiptar\u00ebt nga influenca e stin\u00ebs dhe komplikacionet e saj, dhe do t\u00eb ndihmonte sistemin ton\u00eb sh\u00ebndet\u00ebsor p\u00ebr ta patur at\u00eb t\u00eb gjithin n\u00eb dispozicion dhe t\u00eb p\u00ebrgatitur p\u00ebr ta p\u00ebrballuar pandemin\u00eb COVID-19.<\/em><\/p>\n<p><em>Secili prej nesh duhet t\u00eb b\u00ebj\u00eb detyr\u00ebn p\u00ebr t\u00eb mbrojtur veten dhe familjen e tij. Nd\u00ebrsa qeveria duhet t\u00eb b\u00ebj\u00eb gjith\u00e7ka ka n\u00eb dor\u00eb p\u00ebr t\u00eb mbrojtur njer\u00ebzit n\u00eb k\u00ebto koh\u00eb t\u00eb v\u00ebshtira!<\/em><\/p>\n<p><em>Vaksinimi kund\u00ebr gripit, falas p\u00ebr t\u00eb gjith\u00eb k\u00ebt\u00eb vjesht\u00eb, \u00ebsht\u00eb nj\u00eb mas\u00eb shum\u00eb e r\u00ebnd\u00ebsishme p\u00ebr sh\u00ebndetin e shqiptar\u00ebve!<\/em><\/p>\n","protected":false},"excerpt":{"rendered":"<p>Kreu i PD-s\u00eb Lulzim Basha ka b\u00ebr\u00eb thirrje q\u00eb qeveria shqiptare t\u00eb marr\u00eb masat p\u00ebr t\u00eb vaksinuar qytetar\u00ebt nga gripi sezonal. Basha shkruan se kjo gj\u00eb duhet b\u00ebr\u00eb falas dhe vaksina duhet t\u00eb sigurohet nga shteti. Reagimi i plot\u00eb i kreut t\u00eb PD-s\u00eb, Lulzim Basha: Me nj\u00eb situat\u00eb pandemie q\u00eb fatkeq\u00ebsisht r\u00ebndohet p\u00ebrdit\u00eb, ne duhet [&hellip;]<\/p>\n","protected":false},"author":2020,"featured_media":130270,"comment_status":"open","ping_status":"closed","sticky":false,"template":"","format":"standard","meta":{"footnotes":""},"categories":[241],"tags":[],"class_list":{"0":"post-130268","1":"post","2":"type-post","3":"status-publish","4":"format-standard","5":"has-post-thumbnail","7":"category-aktualitet"},"_links":{"self":[{"href":"https:\/\/zjarr.tv\/sq\/wp-json\/wp\/v2\/posts\/130268","targetHints":{"allow":["GET"]}}],"collection":[{"href":"https:\/\/zjarr.tv\/sq\/wp-json\/wp\/v2\/posts"}],"about":[{"href":"https:\/\/zjarr.tv\/sq\/wp-json\/wp\/v2\/types\/post"}],"author":[{"embeddable":true,"href":"https:\/\/zjarr.tv\/sq\/wp-json\/wp\/v2\/users\/2020"}],"replies":[{"embeddable":true,"href":"https:\/\/zjarr.tv\/sq\/wp-json\/wp\/v2\/comments?post=130268"}],"version-history":[{"count":0,"href":"https:\/\/zjarr.tv\/sq\/wp-json\/wp\/v2\/posts\/130268\/revisions"}],"wp:featuredmedia":[{"embeddable":true,"href":"https:\/\/zjarr.tv\/sq\/wp-json\/wp\/v2\/media\/130270"}],"wp:attachment":[{"href":"https:\/\/zjarr.tv\/sq\/wp-json\/wp\/v2\/media?parent=130268"}],"wp:term":[{"taxonomy":"category","embeddable":true,"href":"https:\/\/zjarr.tv\/sq\/wp-json\/wp\/v2\/categories?post=130268"},{"taxonomy":"post_tag","embeddable":true,"href":"https:\/\/zjarr.tv\/sq\/wp-json\/wp\/v2\/tags?post=130268"}],"curies":[{"name":"wp","href":"https:\/\/api.w.org\/{rel}","templated":true}]}}