{"id":130271,"date":"2020-07-26T19:10:01","date_gmt":"2020-07-26T17:10:01","guid":{"rendered":"https:\/\/zjarr.tv\/?p=130271"},"modified":"2020-07-26T19:11:15","modified_gmt":"2020-07-26T17:11:15","slug":"liste-e-perbashket-unifikimi-i-partive-shqiptare-ne-mal-te-zi","status":"publish","type":"post","link":"https:\/\/zjarr.tv\/sq\/liste-e-perbashket-unifikimi-i-partive-shqiptare-ne-mal-te-zi\/","title":{"rendered":"List\u00eb e p\u00ebrbashk\u00ebt\/Unifikimi i partive shqiptare n\u00eb Mal t\u00eb Zi"},"content":{"rendered":"<div class=\"col-md-1 col-sm-1\">\n<div class=\"article-sharing-options\">\n<p>Partit\u00eb shqiptare n\u00eb Mal t\u00eb Zi duket se do t\u00eb ndjekin shembullin e Lugin\u00ebs s\u00eb Preshev\u00ebs dhe n\u00eb zgjedhje do t\u00eb dalin me nj\u00eb list\u00eb t\u00eb p\u00ebrbashk\u00ebt.<\/p>\n<\/div>\n<\/div>\n<div class=\"col-md-10 col-sm-10 article-text\">\n<p>Lajmin e b\u00ebn t\u00eb ditur Nazif Cungu i partis\u00eb Forca e re Demokratike se tashm\u00eb disa prej parive kan\u00eb r\u00ebn\u00eb dakord p\u00ebr nj\u00eb list\u00eb t\u00eb unifikuar si parti shqiptare.<br \/>\nSipas tij kjo \u00ebsht\u00eb zgjedhja m\u00eb e mir\u00eb e insistuar dhe nga asamblisti i mir\u00ebnjohur shqiptar n\u00eb Nju Jork, Nik Gjeloshaj.<\/p>\n<p>Nes\u00ebr sipas tij pritet t\u00eb n\u00ebnshkruhet marr\u00ebveshja.<\/p>\n<p><strong>STATUSI NGA NAFIZ CUNGU<\/strong><br \/>\nNjoftojm\u00eb opinionin e gjer\u00eb se subjektet politike shqiptare: Alternativa Shqiptare e kryesuar nga Nik Gjeloshaj, Forca e re demokratika e kryesuar nga Nazif Cungu, Lidhja Demokratike Shqiptare e kryesuar nga Nikoll\u00eb Camaj, Unioni i Tuzit i kryesuar nga Fadil Kajoshaj dhe Levizja qytetare Perspektiva, e kryesuar nga Amir Hollaj, duke kuptuar r\u00ebnd\u00ebsin\u00eb e zgjedhjeve parlamentare t\u00eb 30 gushtit, k\u00ebrkes\u00ebn e qytetar\u00ebve, pritjen dhe ftes\u00ebn e diaspor\u00ebs p\u00ebr bashkim, kan\u00eb r\u00ebn\u00eb dakord q\u00eb, n\u00eb zgjedhjet parlamentare t\u00eb 30 gushtit, t\u00eb dalin n\u00eb nj\u00eb list\u00eb t\u00eb p\u00ebrbashk\u00ebt.<\/p>\n<p>T\u00eb bindur se nj\u00eb list \u00ebsht\u00eb zgjedhja m\u00eb e mir\u00eb, dhe me k\u00ebrkes\u00eb t\u00eb v\u00ebllez\u00ebrve ton\u00eb nga diaspora, dhe insistimin e asamblistit t\u00eb Nju Jorkut, z. Mark Gjonaj, q\u00eb t\u2019i japim mund\u00ebsin\u00eb formimit t\u00eb nj\u00eb liste t\u00eb p\u00ebrbashk\u00ebt, p\u00ebr t\u00eb gjitha subjektet shqiptare, n\u00ebnshkrimin e marr\u00ebveshjes, t\u00eb parapar\u00eb p\u00ebr nes\u00ebr n\u00eb mesdit\u00eb, kemi vendosur ta shtyjm\u00eb deri n\u00eb momentin kur shpresat p\u00ebr nj\u00eb veprim t\u00eb till\u00eb t\u00eb jen\u00eb shuar.<\/p>\n<div id=\"pa_1x1_psbk_1595783236753\"><\/div>\n<p>Ne, si subjekte t\u00eb d\u00ebshmuara n\u00eb bashkveprim, edhe n\u00eb k\u00ebt\u00eb m\u00ebnyr\u00eb d\u00ebshrojm\u00eb t\u00eb d\u00ebshmojm\u00eb qendrimin dhe k\u00ebrkes\u00ebn ton\u00eb p\u00ebr formimin e nj\u00eb liste t\u00eb p\u00ebrbashk\u00ebt shqiptare, p\u00ebr zgjedhjet parlamentare t\u00eb 30 gushtit.<\/p>\n<p>Mbetemi me shpres\u00eb se pritja jon\u00eb do t\u00eb jap rezultat!<\/p>\n<\/div>\n","protected":false},"excerpt":{"rendered":"<p>Partit\u00eb shqiptare n\u00eb Mal t\u00eb Zi duket se do t\u00eb ndjekin shembullin e Lugin\u00ebs s\u00eb Preshev\u00ebs dhe n\u00eb zgjedhje do t\u00eb dalin me nj\u00eb list\u00eb t\u00eb p\u00ebrbashk\u00ebt. Lajmin e b\u00ebn t\u00eb ditur Nazif Cungu i partis\u00eb Forca e re Demokratike se tashm\u00eb disa prej parive kan\u00eb r\u00ebn\u00eb dakord p\u00ebr nj\u00eb list\u00eb t\u00eb unifikuar si parti [&hellip;]<\/p>\n","protected":false},"author":2020,"featured_media":130274,"comment_status":"open","ping_status":"closed","sticky":false,"template":"","format":"standard","meta":{"footnotes":""},"categories":[2],"tags":[],"class_list":{"0":"post-130271","1":"post","2":"type-post","3":"status-publish","4":"format-standard","5":"has-post-thumbnail","7":"category-rajoni"},"_links":{"self":[{"href":"https:\/\/zjarr.tv\/sq\/wp-json\/wp\/v2\/posts\/130271","targetHints":{"allow":["GET"]}}],"collection":[{"href":"https:\/\/zjarr.tv\/sq\/wp-json\/wp\/v2\/posts"}],"about":[{"href":"https:\/\/zjarr.tv\/sq\/wp-json\/wp\/v2\/types\/post"}],"author":[{"embeddable":true,"href":"https:\/\/zjarr.tv\/sq\/wp-json\/wp\/v2\/users\/2020"}],"replies":[{"embeddable":true,"href":"https:\/\/zjarr.tv\/sq\/wp-json\/wp\/v2\/comments?post=130271"}],"version-history":[{"count":0,"href":"https:\/\/zjarr.tv\/sq\/wp-json\/wp\/v2\/posts\/130271\/revisions"}],"wp:featuredmedia":[{"embeddable":true,"href":"https:\/\/zjarr.tv\/sq\/wp-json\/wp\/v2\/media\/130274"}],"wp:attachment":[{"href":"https:\/\/zjarr.tv\/sq\/wp-json\/wp\/v2\/media?parent=130271"}],"wp:term":[{"taxonomy":"category","embeddable":true,"href":"https:\/\/zjarr.tv\/sq\/wp-json\/wp\/v2\/categories?post=130271"},{"taxonomy":"post_tag","embeddable":true,"href":"https:\/\/zjarr.tv\/sq\/wp-json\/wp\/v2\/tags?post=130271"}],"curies":[{"name":"wp","href":"https:\/\/api.w.org\/{rel}","templated":true}]}}