{"id":130275,"date":"2020-07-26T19:19:41","date_gmt":"2020-07-26T17:19:41","guid":{"rendered":"https:\/\/zjarr.tv\/?p=130275"},"modified":"2020-07-26T19:19:41","modified_gmt":"2020-07-26T17:19:41","slug":"zbulohet-gjinia-e-bebit-ledri-vula-konfirmon-shtatezanine-e-sares","status":"publish","type":"post","link":"https:\/\/zjarr.tv\/sq\/zbulohet-gjinia-e-bebit-ledri-vula-konfirmon-shtatezanine-e-sares\/","title":{"rendered":"Zbulohet gjinia e bebit\/ Ledri Vula konfirmon shtat\u00ebzanin\u00eb e Sar\u00ebs"},"content":{"rendered":"<p>Prej koh\u00ebsh flitej se reperi i njohur Ledri Vula dhe partnerja e tij Sara Hoxha do t\u00eb b\u00ebhen prind\u00ebr p?r her\u00eb t\u00eb par\u00eb. Ledri e ka konfirmuar lajmin e bukur vet\u00ebm pak minuta m\u00eb par\u00eb, me an\u00eb t\u00eb nj\u00eb videoje ku ka zbuluar edhe gjinin\u00eb.<\/p>\n<p>Nga tullumbaci dalin letra roz\u00eb, k\u00ebshtu q\u00eb reperi dhe partnerja e tij do t\u00eb b\u00ebhen prind\u00ebr t\u00eb nj\u00eb vajze. Ky lajm duket se i ka emocionuar shum\u00eb dyshen. \u201cJom ka des syt me ti pa\u201d, shkruan reperi krahas videos ku p\u00ebrqafohet me Sar\u00ebn.<\/p>\n","protected":false},"excerpt":{"rendered":"<p>Prej koh\u00ebsh flitej se reperi i njohur Ledri Vula dhe partnerja e tij Sara Hoxha do t\u00eb b\u00ebhen prind\u00ebr p?r her\u00eb t\u00eb par\u00eb. Ledri e ka konfirmuar lajmin e bukur vet\u00ebm pak minuta m\u00eb par\u00eb, me an\u00eb t\u00eb nj\u00eb videoje ku ka zbuluar edhe gjinin\u00eb. Nga tullumbaci dalin letra roz\u00eb, k\u00ebshtu q\u00eb reperi dhe partnerja [&hellip;]<\/p>\n","protected":false},"author":2020,"featured_media":130276,"comment_status":"open","ping_status":"closed","sticky":false,"template":"","format":"standard","meta":{"footnotes":""},"categories":[193],"tags":[],"class_list":{"0":"post-130275","1":"post","2":"type-post","3":"status-publish","4":"format-standard","5":"has-post-thumbnail","7":"category-showbiz"},"_links":{"self":[{"href":"https:\/\/zjarr.tv\/sq\/wp-json\/wp\/v2\/posts\/130275","targetHints":{"allow":["GET"]}}],"collection":[{"href":"https:\/\/zjarr.tv\/sq\/wp-json\/wp\/v2\/posts"}],"about":[{"href":"https:\/\/zjarr.tv\/sq\/wp-json\/wp\/v2\/types\/post"}],"author":[{"embeddable":true,"href":"https:\/\/zjarr.tv\/sq\/wp-json\/wp\/v2\/users\/2020"}],"replies":[{"embeddable":true,"href":"https:\/\/zjarr.tv\/sq\/wp-json\/wp\/v2\/comments?post=130275"}],"version-history":[{"count":0,"href":"https:\/\/zjarr.tv\/sq\/wp-json\/wp\/v2\/posts\/130275\/revisions"}],"wp:featuredmedia":[{"embeddable":true,"href":"https:\/\/zjarr.tv\/sq\/wp-json\/wp\/v2\/media\/130276"}],"wp:attachment":[{"href":"https:\/\/zjarr.tv\/sq\/wp-json\/wp\/v2\/media?parent=130275"}],"wp:term":[{"taxonomy":"category","embeddable":true,"href":"https:\/\/zjarr.tv\/sq\/wp-json\/wp\/v2\/categories?post=130275"},{"taxonomy":"post_tag","embeddable":true,"href":"https:\/\/zjarr.tv\/sq\/wp-json\/wp\/v2\/tags?post=130275"}],"curies":[{"name":"wp","href":"https:\/\/api.w.org\/{rel}","templated":true}]}}