{"id":130293,"date":"2020-07-27T12:30:52","date_gmt":"2020-07-27T10:30:52","guid":{"rendered":"https:\/\/zjarr.tv\/?p=130293"},"modified":"2020-07-27T12:30:52","modified_gmt":"2020-07-27T10:30:52","slug":"edmond-budina-nuk-do-te-merrem-me-politike-vetem-me-teater","status":"publish","type":"post","link":"https:\/\/zjarr.tv\/sq\/edmond-budina-nuk-do-te-merrem-me-politike-vetem-me-teater\/","title":{"rendered":"Edmond Budina: Nuk do t\u00eb merrem me politik\u00eb, vet\u00ebm me teat\u00ebr"},"content":{"rendered":"<p>Partia Demokratike ka p\u00ebrmbyllur procesin e propozimeve nga an\u00ebtar\u00ebsia lidhur me kandidat\u00ebt p\u00ebr deputet\u00eb p\u00ebr zgjedhjet parlamentare t\u00eb 2021, nd\u00ebrsa i \u00ebsht\u00eb hapur rruga faz\u00ebs s\u00eb dyt\u00eb, verifikimit t\u00eb emrave t\u00eb propozuar bazuar mbi kriteret e p\u00ebrcaktuara nga udh\u00ebzimet e kreut demokrat.Nga propozimet e antar\u00ebsis\u00eb jan\u00eb depozituar n\u00eb selin\u00eb e PD mbi 2 mij\u00eb emra, mes t\u00eb cil\u00ebve do t\u00eb p\u00ebrzgjidhen edhe kandidat\u00ebt final\u00eb.P\u00ebrve\u00e7 emrave t\u00eb ish-deputet\u00ebve q\u00eb dor\u00ebzuan mandatet n\u00eb shkurt t\u00eb 2019, n\u00eb listat e propozuara sipas qarqeve ka shum\u00eb emra t\u00eb rinj, nj\u00eb pjes\u00eb e t\u00eb cil\u00ebve pjes\u00eb e shoq\u00ebris\u00eb civile si v\u00ebllez\u00ebrit Edmond dhe Robert Budina t\u00eb angazhuar n\u00eb mbrojtjen e Teatrit Komb\u00ebtar.Duke ju p\u00ebrgjigjur interesit t\u00eb gazetar\u00ebve, Edmond Budina, tha se nuk ka ndonj\u00eb ftes\u00eb nga PD, porse edhe n\u00ebse do ti shkoj\u00eb ai e p\u00ebrjashtoi n\u00eb m\u00ebnyr\u00eb kategorike angazhimin politik t\u00eb tij.<em>\u201cJo absolutisht fare, nuk merrem me politik\u00eb, nuk dua ti hyj politik\u00ebs fare. Nuk kam pasur ftes\u00eb nga PD por edhe n\u00ebse do ta kem personalisht nuk jam i predispozuar t\u00eb merrem me politik\u00eb, do t\u00eb merrem vet\u00ebm me Teat\u00ebr\u201d.<\/em>Politika, shtoi ai, nuk \u00ebsht\u00eb q\u00ebllim as i Aleanc\u00ebs p\u00ebr Mbrojtjen\u00a0 e Teatrit.<em>\u201cNuk jemi nj\u00eb formacion politik, nuk kemi nd\u00ebrmend t\u00eb b\u00ebhemi formacion politik dhe nuk kemi nd\u00ebrmend t\u00eb b\u00ebhemi pjes\u00eb e nj\u00eb partie apo partie tjet\u00ebr\u201d.<\/em><\/p>\n","protected":false},"excerpt":{"rendered":"<p>Partia Demokratike ka p\u00ebrmbyllur procesin e propozimeve nga an\u00ebtar\u00ebsia lidhur me kandidat\u00ebt p\u00ebr deputet\u00eb p\u00ebr zgjedhjet parlamentare t\u00eb 2021, nd\u00ebrsa i \u00ebsht\u00eb hapur rruga faz\u00ebs s\u00eb dyt\u00eb, verifikimit t\u00eb emrave t\u00eb propozuar bazuar mbi kriteret e p\u00ebrcaktuara nga udh\u00ebzimet e kreut demokrat.Nga propozimet e antar\u00ebsis\u00eb jan\u00eb depozituar n\u00eb selin\u00eb e PD mbi 2 mij\u00eb emra, [&hellip;]<\/p>\n","protected":false},"author":2020,"featured_media":130294,"comment_status":"open","ping_status":"closed","sticky":false,"template":"","format":"standard","meta":{"footnotes":""},"categories":[241,235],"tags":[],"class_list":{"0":"post-130293","1":"post","2":"type-post","3":"status-publish","4":"format-standard","5":"has-post-thumbnail","7":"category-aktualitet","8":"category-vendi"},"_links":{"self":[{"href":"https:\/\/zjarr.tv\/sq\/wp-json\/wp\/v2\/posts\/130293","targetHints":{"allow":["GET"]}}],"collection":[{"href":"https:\/\/zjarr.tv\/sq\/wp-json\/wp\/v2\/posts"}],"about":[{"href":"https:\/\/zjarr.tv\/sq\/wp-json\/wp\/v2\/types\/post"}],"author":[{"embeddable":true,"href":"https:\/\/zjarr.tv\/sq\/wp-json\/wp\/v2\/users\/2020"}],"replies":[{"embeddable":true,"href":"https:\/\/zjarr.tv\/sq\/wp-json\/wp\/v2\/comments?post=130293"}],"version-history":[{"count":0,"href":"https:\/\/zjarr.tv\/sq\/wp-json\/wp\/v2\/posts\/130293\/revisions"}],"wp:featuredmedia":[{"embeddable":true,"href":"https:\/\/zjarr.tv\/sq\/wp-json\/wp\/v2\/media\/130294"}],"wp:attachment":[{"href":"https:\/\/zjarr.tv\/sq\/wp-json\/wp\/v2\/media?parent=130293"}],"wp:term":[{"taxonomy":"category","embeddable":true,"href":"https:\/\/zjarr.tv\/sq\/wp-json\/wp\/v2\/categories?post=130293"},{"taxonomy":"post_tag","embeddable":true,"href":"https:\/\/zjarr.tv\/sq\/wp-json\/wp\/v2\/tags?post=130293"}],"curies":[{"name":"wp","href":"https:\/\/api.w.org\/{rel}","templated":true}]}}