{"id":130304,"date":"2020-07-27T13:18:45","date_gmt":"2020-07-27T11:18:45","guid":{"rendered":"https:\/\/zjarr.tv\/?p=130304"},"modified":"2020-07-27T13:18:45","modified_gmt":"2020-07-27T11:18:45","slug":"deputetja-e-opozites-mazhoranca-ra-ne-gropen-qe-hapi-komisioni-hetimor-ti-kerkoje-falje-presidentit","status":"publish","type":"post","link":"https:\/\/zjarr.tv\/sq\/deputetja-e-opozites-mazhoranca-ra-ne-gropen-qe-hapi-komisioni-hetimor-ti-kerkoje-falje-presidentit\/","title":{"rendered":"Deputetja e opozit\u00ebs: Mazhoranca ra n\u00eb grop\u00ebn q\u00eb hapi, Komisioni Hetimor ti k\u00ebrkoj\u00eb falje Presidentit"},"content":{"rendered":"<p>Deputetja e opozit\u00ebs, Elda Hoti, deklaroi n\u00eb Kuvend se \u00a0Komisioni i Venecias i dha t\u00eb drejt\u00eb Presidentit Meta ndaj sipas saj Komisioni Hetimor i ngritur p\u00ebr shkarkimin e tij duhet ti k\u00ebrkoj\u00eb falje.Sipas saj mazhoranca u fut n\u00eb nj\u00eb loj\u00eb t\u00eb padrejt\u00eb, t\u00eb pamoralshme vet\u00ebm q\u00eb t\u00eb d\u00ebmtonin Presidentin.<\/p>\n<p><strong><em>Hoti:\u00a0<\/em><\/strong><em>T\u00eb nderuar deputet\u00eb!Komisioni i Venecias e tha qart\u00eb dhe prer\u00eb: NUK KA ASNJE SHKELJE NGA PRESIDENTI META!E p\u00ebrs\u00ebris se kur flet VENECIA nuk ka asnjeri q\u00eb mund t\u00eb kund\u00ebrshtoj\u00eb apo t\u00eb dal\u00eb mbi k\u00ebt\u00eb komision q\u00eb mbahet nga BE si organ konsultativ i nivelit t\u00eb lart\u00eb.Me lejoni t\u00eb shtoj t\u00eb nderuar koleg\u00eb deputet\u00eb, se kur turresh t\u2019i b\u00ebsh gropen tjetrit bie vet\u00eb brenda, thot\u00eb nj\u00eb fjal\u00eb e urt\u00eb popullore ndaj dhe ata q\u00eb u nxituan p\u00ebr ta shkarkuar me qellimin e vet\u00ebm q\u00eb kryeministri juaj Edi Rama ti zinte vendin Presidentit Meta dhe t\u00eb b\u00ebnte Lulzim Bashen si kryeminist\u00ebr, nj\u00eb pazar q\u00eb doli n\u00eb publik nga vet\u00eb kreu i PD: pra e gjitha kjo q\u00eb u sajua ishte loj\u00eb kulisash politike dhe pabesi e madhe.Me lejoni t\u00eb shtoj pa e zgjatur se Komisioni i ngritur p\u00ebr k\u00ebt\u00eb hetim ti k\u00ebrkoj\u00eb falje vet\u00eb Presidentit Meta dhe parlamentit sepse u futet n\u00eb nj\u00eb loj\u00eb t\u00eb padrejt\u00eb, t\u00eb pamoralshme dhe ngaterruat nj\u00eb dynja vet\u00ebm e vet\u00ebm q\u00eb t\u00eb d\u00ebmtonit Presidentin.P\u00ebrfundimisht duhet ta quajm\u00eb nj\u00eb veprim jo kushtetues dhe jo ligjor p\u00ebr \u00e7ka u ngrit ky komision dhe le t\u00eb jet\u00eb m\u00ebsim p\u00ebr shumic\u00ebn parlamentare.<\/em><\/p>\n","protected":false},"excerpt":{"rendered":"<p>Deputetja e opozit\u00ebs, Elda Hoti, deklaroi n\u00eb Kuvend se \u00a0Komisioni i Venecias i dha t\u00eb drejt\u00eb Presidentit Meta ndaj sipas saj Komisioni Hetimor i ngritur p\u00ebr shkarkimin e tij duhet ti k\u00ebrkoj\u00eb falje.Sipas saj mazhoranca u fut n\u00eb nj\u00eb loj\u00eb t\u00eb padrejt\u00eb, t\u00eb pamoralshme vet\u00ebm q\u00eb t\u00eb d\u00ebmtonin Presidentin. Hoti:\u00a0T\u00eb nderuar deputet\u00eb!Komisioni i Venecias e [&hellip;]<\/p>\n","protected":false},"author":2020,"featured_media":130305,"comment_status":"open","ping_status":"closed","sticky":false,"template":"","format":"standard","meta":{"footnotes":""},"categories":[241],"tags":[],"class_list":{"0":"post-130304","1":"post","2":"type-post","3":"status-publish","4":"format-standard","5":"has-post-thumbnail","7":"category-aktualitet"},"_links":{"self":[{"href":"https:\/\/zjarr.tv\/sq\/wp-json\/wp\/v2\/posts\/130304","targetHints":{"allow":["GET"]}}],"collection":[{"href":"https:\/\/zjarr.tv\/sq\/wp-json\/wp\/v2\/posts"}],"about":[{"href":"https:\/\/zjarr.tv\/sq\/wp-json\/wp\/v2\/types\/post"}],"author":[{"embeddable":true,"href":"https:\/\/zjarr.tv\/sq\/wp-json\/wp\/v2\/users\/2020"}],"replies":[{"embeddable":true,"href":"https:\/\/zjarr.tv\/sq\/wp-json\/wp\/v2\/comments?post=130304"}],"version-history":[{"count":0,"href":"https:\/\/zjarr.tv\/sq\/wp-json\/wp\/v2\/posts\/130304\/revisions"}],"wp:featuredmedia":[{"embeddable":true,"href":"https:\/\/zjarr.tv\/sq\/wp-json\/wp\/v2\/media\/130305"}],"wp:attachment":[{"href":"https:\/\/zjarr.tv\/sq\/wp-json\/wp\/v2\/media?parent=130304"}],"wp:term":[{"taxonomy":"category","embeddable":true,"href":"https:\/\/zjarr.tv\/sq\/wp-json\/wp\/v2\/categories?post=130304"},{"taxonomy":"post_tag","embeddable":true,"href":"https:\/\/zjarr.tv\/sq\/wp-json\/wp\/v2\/tags?post=130304"}],"curies":[{"name":"wp","href":"https:\/\/api.w.org\/{rel}","templated":true}]}}