{"id":130311,"date":"2020-07-27T14:30:30","date_gmt":"2020-07-27T12:30:30","guid":{"rendered":"https:\/\/zjarr.tv\/?p=130311"},"modified":"2020-07-27T14:33:10","modified_gmt":"2020-07-27T12:33:10","slug":"ps-nuk-arrin-te-largoje-meten-uji-i-venecias-nuk-e-ka-nxjerre-te-lare-ligj-te-ri-organik-per-presidentin","status":"publish","type":"post","link":"https:\/\/zjarr.tv\/sq\/ps-nuk-arrin-te-largoje-meten-uji-i-venecias-nuk-e-ka-nxjerre-te-lare-ligj-te-ri-organik-per-presidentin\/","title":{"rendered":"PS nuk arrin t\u00eb largoj\u00eb Met\u00ebn: Uji i Venecias nuk e ka nxjerr\u00eb t\u00eb lar\u00eb, ligj t\u00eb ri organik p\u00ebr Presidentin"},"content":{"rendered":"<p><em>Edhe pse socialist\u00ebt jan\u00eb t\u00eb bindur se Presidenti Ilir Meta ka shkelur Kushtetut\u00ebn me 30 qershorin dhe em\u00ebrimet n\u00eb Kushtetuese, p\u00ebr nj\u00eb vit me radh\u00eb nuk arrit\u00ebn t\u00eb gjejn\u00eb prova p\u00ebr ta shkarkuar. Por p\u00ebr t\u00eb vijuar shown e tyre politik thirr\u00ebn nj\u00eb seanc\u00eb t\u00eb posa\u00e7me vet\u00ebm p\u00ebr t\u00eb lexuar raportin prej 47 faqesh t\u00eb Komisionit Hetimor, me nj\u00eb konkluzion t\u00eb vet\u00ebm, mosshkarkimin\u00a0 e Kreut\u00a0 t\u00eb Shtetit. <\/em>Ish-aleati i tij, kryeministri Edi Rama si socialist\u00ebt e tjer\u00eb \u00ebsht\u00eb i bindur se Ilir Meta e ka shkelur Kushtetut\u00ebn, por mazhoranca do t\u2019i n\u00ebnshtrohet Venecias. Me vendimin e socialist\u00ebve p\u00ebr t\u00eb mos e shkarkuar, Rama k\u00ebrkoi t\u2019i tregoj\u00eb Met\u00ebs se PS nuk \u00ebsht\u00eb hakmarr\u00ebse ndaj tij. Edhe pse Rama u shpreh i zhg\u00ebnjyer nga q\u00ebndrimi i Presidentit n\u00eb raport me PS dhe PD. Por socialist\u00ebt kan\u00eb menduar q\u00eb ligjin p\u00ebr Presidentin ta nxjerrin nga sirtari dhe t\u00eb b\u00ebjn\u00eb ndryshime p\u00ebr t\u00eb mos e lejuar Met\u00ebn sipas tyr\u00eb t\u00eb krijoj\u00eb situat\u00eb bllokuese.<\/p>\n<p><strong><em>Edi Rama:<\/em><\/strong>\u00a0<em>Ilir Meta e ka kthyer zyr\u00ebn e Presidentit n\u00eb nj\u00eb seli t\u00eb operacioneve politike t\u00eb nj\u00ebanshme dhe n\u00eb nj\u00eb vat\u00ebr t\u00eb hedhjes n\u00eb zjarr apo t\u00eb ndezjes s\u00eb zjarreve duke p\u00ebrdorur Kushtetut\u00ebn si let\u00ebr dhe mllefin e tij ndaj k\u00ebsaj shumice si benzin\u00eb.Duke e mbyllur e para jush u them atyre q\u00eb e komentojn\u00eb k\u00ebt\u00eb vendim si ndryshim kursi n\u00eb raport me Ilir Met\u00ebn nuk \u00ebsht\u00eb i till\u00eb. Ne mendojm\u00eb se Ilir Meta duhet shkarkuar por jemi ndryshe nga partia e vjet\u00ebr dhe e reja.<\/em>\u00a0<em>Komisioni i Venecias na e ka dh\u00ebn\u00eb k\u00ebt\u00eb fjali para syve, q\u00eb shkelje jan\u00eb por jo aq t\u00eb r\u00ebnda, ne mendojm\u00eb se jan\u00eb shum\u00eb t\u00eb r\u00ebnda, por n\u00eb respekt t\u00eb v\u00ebrtet\u00ebs q\u00eb nuk I kemi th\u00ebn\u00eb vetes q\u00eb jemi t\u00eb pagabuesh\u00ebm.<\/em><\/p>\n<p><em><strong>Ulsi Manja:<\/strong><\/em><em>\u00a0Presidenti ka vet\u00ebm detyr\u00ebn t\u00eb caktoj\u00eb dat\u00ebm e zgjedhjeve.. k\u00ebtu e mbaron detyr\u00ebn e tij.<\/em>Vendimin e parlamentit, Ilir Meta e kishte parashikuar m\u00eb her\u00ebt, duke qen\u00eb i bindur se do t\u00eb jet\u00eb n\u00eb postin\u00a0 e Presidentit deri n\u00eb 2022.Kuvendi miratoi sot raportin e Komisionit Hetimor p\u00ebr mos shkarkiminm e Presidentit s\u00eb bashku m\u00eb v\u00ebrejtjet p\u00ebrkat\u00ebse me 78 vota pro, 17 kund\u00ebr dhe 8 abstenim.N\u00eb konkluzionet e raportit t\u00eb Komisionit thuhet se nuk ka shkaqe t\u00eb forta p\u00ebr shkarkimin e Kreut t\u00eb Shtetit por propozohen nd\u00ebrhyrje n\u00eb Kushtetut\u00eb p\u00ebr t\u00eb qart\u00ebsuar kompentencat e presidentit si dhe p\u00ebrfshirjen e nj\u00eb mekanizmi zhbllokues n\u00eb raste t\u00eb mosveprimit.<\/p>\n","protected":false},"excerpt":{"rendered":"<p>Edhe pse socialist\u00ebt jan\u00eb t\u00eb bindur se Presidenti Ilir Meta ka shkelur Kushtetut\u00ebn me 30 qershorin dhe em\u00ebrimet n\u00eb Kushtetuese, p\u00ebr nj\u00eb vit me radh\u00eb nuk arrit\u00ebn t\u00eb gjejn\u00eb prova p\u00ebr ta shkarkuar. Por p\u00ebr t\u00eb vijuar shown e tyre politik thirr\u00ebn nj\u00eb seanc\u00eb t\u00eb posa\u00e7me vet\u00ebm p\u00ebr t\u00eb lexuar raportin prej 47 faqesh t\u00eb [&hellip;]<\/p>\n","protected":false},"author":2020,"featured_media":0,"comment_status":"open","ping_status":"closed","sticky":false,"template":"","format":"standard","meta":{"footnotes":""},"categories":[241,235],"tags":[],"class_list":{"0":"post-130311","1":"post","2":"type-post","3":"status-publish","4":"format-standard","6":"category-aktualitet","7":"category-vendi"},"_links":{"self":[{"href":"https:\/\/zjarr.tv\/sq\/wp-json\/wp\/v2\/posts\/130311","targetHints":{"allow":["GET"]}}],"collection":[{"href":"https:\/\/zjarr.tv\/sq\/wp-json\/wp\/v2\/posts"}],"about":[{"href":"https:\/\/zjarr.tv\/sq\/wp-json\/wp\/v2\/types\/post"}],"author":[{"embeddable":true,"href":"https:\/\/zjarr.tv\/sq\/wp-json\/wp\/v2\/users\/2020"}],"replies":[{"embeddable":true,"href":"https:\/\/zjarr.tv\/sq\/wp-json\/wp\/v2\/comments?post=130311"}],"version-history":[{"count":0,"href":"https:\/\/zjarr.tv\/sq\/wp-json\/wp\/v2\/posts\/130311\/revisions"}],"wp:attachment":[{"href":"https:\/\/zjarr.tv\/sq\/wp-json\/wp\/v2\/media?parent=130311"}],"wp:term":[{"taxonomy":"category","embeddable":true,"href":"https:\/\/zjarr.tv\/sq\/wp-json\/wp\/v2\/categories?post=130311"},{"taxonomy":"post_tag","embeddable":true,"href":"https:\/\/zjarr.tv\/sq\/wp-json\/wp\/v2\/tags?post=130311"}],"curies":[{"name":"wp","href":"https:\/\/api.w.org\/{rel}","templated":true}]}}