{"id":130314,"date":"2020-07-27T14:36:47","date_gmt":"2020-07-27T12:36:47","guid":{"rendered":"https:\/\/zjarr.tv\/?p=130314"},"modified":"2020-07-27T14:36:47","modified_gmt":"2020-07-27T12:36:47","slug":"murrizi-metes-ja-late-amanet-mushkat-por-ju-pergjigj-me-kujdes-gomeret-ulsiu-ka-mundesi-te-shkarkohet-vete","status":"publish","type":"post","link":"https:\/\/zjarr.tv\/sq\/murrizi-metes-ja-late-amanet-mushkat-por-ju-pergjigj-me-kujdes-gomeret-ulsiu-ka-mundesi-te-shkarkohet-vete\/","title":{"rendered":"Murrizi: Met\u00ebs ja lat\u00eb amanet mushkat, por ju p\u00ebrgjigj me \u201ckujdes gomer\u00ebt\u201d. Ulsiu ka mund\u00ebsi t\u00eb shkarkohet vet\u00eb"},"content":{"rendered":"<div class=\"col-md-9\">\n<div class=\"post-all\">\n<div class=\"post-padding\">\n<div class=\"post-content\">\n<p>Vendimin e mazhoranc\u00ebs p\u00ebr mos votuar shkarkimin e Presidentit, deputeti i opozit\u00ebs Myslim Murrizi e cil\u00ebsoi nj\u00eb betej\u00eb t\u00eb fituar nga Presidenti.Teksa deklaroi vot\u00ebn kund\u00ebr k\u00ebtij raporti, ai u k\u00ebrkoi 55 deputet\u00ebve firm\u00ebtar\u00eb socialist\u00eb q\u00eb t\u00eb pakt\u00ebn p\u00ebr moral t\u00eb votojn\u00eb kund\u00ebr.Sipas Murrizit, Ulsi Manja ngriti komision p\u00ebr t\u00eb shkarkuar Met\u00ebn por si\u00e7 tha ai pas k\u00ebsaj s\u00e9ance duhet shkarkuar ai dhe an\u00ebtar\u00ebt e Komisionit.Duke lavd\u00ebruar rezistenc\u00ebn e Ilir Met\u00ebs si kryetar i LSI kund\u00ebr ndryshimeve t\u00eb 2008, ai e ftoi Presidentin t\u00eb p\u00ebrsh\u00ebndes\u00eb miratimin e ndryshimeve kushtetuese nga Kuvendi t\u00eb enjten.<\/p>\n<p><strong><em>Myslim Murrizi:<\/em><\/strong><em>\u00a0Kur d\u00ebgjova raportin e komisionit hetimor nga kolegu Ulsi Manja mu kujtua pretenca e Rrapi Minos p\u00ebr Kadri Asbiun, kur pash\u00eb konkluzionet n\u00eb fund u k\u00ebnaqa me flet\u00ebrrufen\u00eb e Timk\u00ebs s\u00eb Ollg\u00ebs te filmi \u201cZonja nga Qyteti\u201d. Ju doni t\u00eb b\u00ebni cubin dhe ju mposhtin cubat. Vet\u00ebm kat\u00ebr her\u00eb thot\u00eb raporti e paska shkelur me dekrete presidenti Kushtetut\u00ebn.<\/em><em>Ka ka ndonj\u00eb num\u00ebr sesa her\u00eb duhet ta shkel\u00eb Kushtetut\u00ebn nj\u00eb shtetar q\u00eb t\u00eb shkarkohet, po ka 5 i paska mbetur dhe 1, duhet t\u00eb na e thot\u00eb Ulsiu. Pse nuk e shkarkoni ju nj\u00ebri-tjetrin? Se jeni bijt\u00eb e t\u00eb nj\u00ebjt\u00ebs n\u00ebn\u00eb dhe jeni ortak\u00eb prej 10 vitesh s\u00eb bashku n\u00eb pushtet, si mund ta shkarkoni ish-z\u00ebvend\u00ebskryeministrin, e m\u00eb pas kryeministrin dhe m\u00eb pas z\u00ebvend\u00ebskryeministrin e viteve 1997-2003 deri sa e krijoi LSI ku paraardh\u00ebsit tuaj n\u00eb kt\u00eb sall\u00eb e etiketuan me humor n\u00eb at\u00eb koh\u00eb \u201cL\u00ebvizja skraparlinjve t\u00eb inatosur\u201d.<\/em><em>Si mund ta shkarkoni ju ortakun e 1 prillit n\u00ebn bekimin e nj\u00eb grushti cubash n\u00eb Gjirin e Rrenave dhe Aleanca e Lal\u00ebzit? A shkarkohet ai q\u00eb ju mori 50% pushtet p\u00ebr 160 mij\u00eb vota?Jo. Jeni ortak\u00eb \u00a0t\u00eb mrekulluesh\u00ebm q\u00eb i shkelni syrin nj\u00ebri-tjetrit. Pse e ngrit\u00ebt ju k\u00ebt\u00eb komision 1 vit m\u00eb par\u00eb? Ishte prag zgjedhjesh dhe nuk dihej q\u00eb dekreti p\u00ebr \u00e7dekretim t\u00eb nj\u00eb dekreti do t\u00eb pinte uj\u00eb apo jo. Ju that\u00eb i paraprim\u00eb p\u00ebr t\u00eb ngritur adrenalin\u00ebn e militant\u00ebve. Kat\u00ebr dit\u00eb m\u00eb von\u00eb u pajtuat me nj\u00eb vendim\u00a0 p\u00ebr marr\u00eb 6 HEC-e me \u00e7mim dy her\u00eb m\u00eb shum\u00eb nga sa blehet te HEC-et e tjera.<\/em><em>Ulsiu u nis t\u00eb shkarkoj\u00eb Met\u00ebn por ka shum\u00eb mund\u00ebsi q\u00eb pas k\u00ebsaj seance ose shkarkohet Ulsiu ose an\u00ebtar\u00ebt e Komisionit Hetimor. Un\u00eb do t\u00eb doja q\u00eb 55 deputet\u00ebt firm\u00ebtar\u00eb t\u00eb votonin pro shkarkimit p\u00ebr moral.Koleg\u00eb socialist\u00eb u mblodh\u00ebt n\u00eb Kryesin\u00eb e Kuvendit dhe firmos\u00ebt rrufe gjith\u00eb nat\u00ebn p\u00ebr ta shkarkuar. Ju t\u00eb 55 ju ka pyetur njeri m\u00eb pas raportit t\u00eb Ulsiut<\/em><em>N\u00ebse keni votuar kund\u00ebr asaj q\u00eb firmos\u00ebt para n\u00eb viti pse u kap\u00ebt, kush ju kapi, pse u dyzuat, pse u tremb\u00ebt, kush ju trembi? N\u00eb k\u00ebt\u00eb sall\u00eb e keni quajtur baba xhike dhe i tha amanet mushk\u00ebn, ai ju ktheu p\u00ebrgjigje: Nuk jam baba xhikja por usta Likja, e n\u00ebse m\u00eb thoni amanet mushkat un\u00eb ju them kujdes gomer\u00ebt.U tret\u00ebt n\u00eb uj\u00eb si sheqeri. Dekreti i Met\u00ebs p\u00ebr t\u00eb mos njohur 30 qershorin bashkoi edhe siv\u00ebllez\u00ebrit tuaj q\u00eb prej 14 janarit k\u00ebrkonin t\u00eb shpiknin ndonj\u00eb gj\u00eb t\u00eb madhe, ata u g\u00ebzuan fort me 2 mars, ju me 30 qershor. S\u00ebmundja prej 30 vitesh n\u00eb k\u00ebt\u00eb sall\u00eb nuk \u00ebsht\u00eb Covid 19 por Katovic\u00eb 89. <\/em>Zoti Ulsi do ishte mir\u00eb ti q\u00ebndroj\u00eb pjes\u00ebs s\u00eb par\u00eb t\u00eb pretenc\u00ebs. Ky komision \u00ebsht\u00eb fllusk\u00eb sapuni, u kam\u00a0<em>th\u00ebn\u00eb se nuk keni k\u00ebllqe por nuk shpresoja se do t\u00eb dilnit kaq fjasko.Ndoshta k\u00ebrkoni nj\u00eb ortakll\u00ebp pas prillit-majit t\u00eb 2021. Jeni siv\u00ebllez\u00ebr t\u00eb ardhur n\u00eb nj\u00eb lindje pro n\u00eb pak sekonda n\u00eb koh\u00eb t\u00eb ndryshme.<\/em><em>Me presidentin Meta nuk kam asgj\u00eb, e vler\u00ebsoj p\u00ebr q\u00ebndrimin heroik n\u00eb k\u00ebt\u00eb sall\u00eb p\u00ebr prillin e 2008. Meta ka dy g\u00ebzime brenda jav\u00ebs, g\u00ebzohet se ju e qortoni dhe do t\u00eb g\u00ebzohet me 30 korrik pas kat\u00ebr dit\u00ebsh.Shpresoj ta p\u00ebrsh\u00ebndes\u00eb 30 korrikun dhe t\u2019ju mbush\u00eb mendjen dhe ortak\u00ebve t\u00eb rinj se 30 korriku nuk na b\u00ebn mir\u00eb ne, as Ram\u00ebs besoj, i b\u00ebn mir\u00eb shqiptar\u00ebve. Duhet ta p\u00ebrsh\u00ebndes\u00ebsh 30 korrikun zoti Meta p\u00ebr t\u00eb qen\u00eb n\u00eb sinkron me k\u00ebrkes\u00ebn e shqiptar\u00ebve.<\/em><em>E p\u00ebrsh\u00ebndes n\u00eb distanc\u00eb, besoj do jet\u00eb krthyer nga turizmi, zotin Meta p\u00ebr fitoren ndaj Ulsiut q\u00eb u nis t\u00eb mbronte Dvoranin dhe t\u00eb shkarkonte Met\u00ebn dhe n\u00eb fakt mbrojti Met\u00ebn dhe shkarkoi Dvoranin. Dvoranit rruga e mbar\u00eb i qoft\u00eb, Met\u00ebn e pres dit\u00ebn e enjte t\u00eb p\u00ebrsh\u00ebndes\u00eb vendimin e parlamenti q\u00eb do t\u00eb realizoj\u00eb m\u00eb s\u00eb fundi jasht\u00eb d\u00ebshir\u00ebs s\u00eb tij \u00ebndrr\u00ebn e grev\u00ebs s\u00eb uris\u00eb t\u00eb prillit 2008.<\/em>N\u00eb p\u00ebrgjigje t\u00eb tij kreu i grupit parlamentar socialist, Taulant Balla, tha se shkeljet e Presidentit jan\u00eb n\u00eb raport por se PS respekton ndarjen e pushteteve.<\/p>\n<p><em><strong>Taulant\u00a0<\/strong><\/em><strong><em>Balla:<\/em><\/strong><em> T\u00eb gjitha jan\u00eb aty n\u00eb raport dhe tregojn\u00eb se qasja e PS prej 29 vitesh \u00ebsht\u00eb qasje e nd\u00ebrtimit shtetit ligjor ku themeli i t\u00eb cilave \u00ebsht\u00eb ndarja e pushteteve. Arsyeja e mosshkarkimit t\u00eb Presidentit sot \u00ebsht\u00eb se respektojm\u00eb ndarjen e pushteteve. Shpresoj q\u00eb presidenti ta lexoj\u00eb me qet\u00ebsi dhe dashuri raportin e komisionit hetimor parlamentar dhe t\u00eb v\u00ebr\u00eb mend sa t\u00eb nx\u00ebr\u00eb lidhur me gjith\u00eb shkeljet q\u00eb ka konstatuar ky komision.<\/em><\/p>\n<\/div>\n<\/div>\n<\/div>\n<\/div>\n","protected":false},"excerpt":{"rendered":"<p>Vendimin e mazhoranc\u00ebs p\u00ebr mos votuar shkarkimin e Presidentit, deputeti i opozit\u00ebs Myslim Murrizi e cil\u00ebsoi nj\u00eb betej\u00eb t\u00eb fituar nga Presidenti.Teksa deklaroi vot\u00ebn kund\u00ebr k\u00ebtij raporti, ai u k\u00ebrkoi 55 deputet\u00ebve firm\u00ebtar\u00eb socialist\u00eb q\u00eb t\u00eb pakt\u00ebn p\u00ebr moral t\u00eb votojn\u00eb kund\u00ebr.Sipas Murrizit, Ulsi Manja ngriti komision p\u00ebr t\u00eb shkarkuar Met\u00ebn por si\u00e7 tha ai [&hellip;]<\/p>\n","protected":false},"author":2020,"featured_media":127710,"comment_status":"open","ping_status":"closed","sticky":false,"template":"","format":"standard","meta":{"footnotes":""},"categories":[241,235],"tags":[],"class_list":{"0":"post-130314","1":"post","2":"type-post","3":"status-publish","4":"format-standard","5":"has-post-thumbnail","7":"category-aktualitet","8":"category-vendi"},"_links":{"self":[{"href":"https:\/\/zjarr.tv\/sq\/wp-json\/wp\/v2\/posts\/130314","targetHints":{"allow":["GET"]}}],"collection":[{"href":"https:\/\/zjarr.tv\/sq\/wp-json\/wp\/v2\/posts"}],"about":[{"href":"https:\/\/zjarr.tv\/sq\/wp-json\/wp\/v2\/types\/post"}],"author":[{"embeddable":true,"href":"https:\/\/zjarr.tv\/sq\/wp-json\/wp\/v2\/users\/2020"}],"replies":[{"embeddable":true,"href":"https:\/\/zjarr.tv\/sq\/wp-json\/wp\/v2\/comments?post=130314"}],"version-history":[{"count":0,"href":"https:\/\/zjarr.tv\/sq\/wp-json\/wp\/v2\/posts\/130314\/revisions"}],"wp:featuredmedia":[{"embeddable":true,"href":"https:\/\/zjarr.tv\/sq\/wp-json\/wp\/v2\/media\/127710"}],"wp:attachment":[{"href":"https:\/\/zjarr.tv\/sq\/wp-json\/wp\/v2\/media?parent=130314"}],"wp:term":[{"taxonomy":"category","embeddable":true,"href":"https:\/\/zjarr.tv\/sq\/wp-json\/wp\/v2\/categories?post=130314"},{"taxonomy":"post_tag","embeddable":true,"href":"https:\/\/zjarr.tv\/sq\/wp-json\/wp\/v2\/tags?post=130314"}],"curies":[{"name":"wp","href":"https:\/\/api.w.org\/{rel}","templated":true}]}}