{"id":130330,"date":"2020-07-27T15:05:18","date_gmt":"2020-07-27T13:05:18","guid":{"rendered":"https:\/\/zjarr.tv\/?p=130330"},"modified":"2020-07-27T15:05:18","modified_gmt":"2020-07-27T13:05:18","slug":"paditet-drejtori-i-burgjeve-anetari-i-bandes-bajrajve-ka-kallezuar-penalisht-ne-spak","status":"publish","type":"post","link":"https:\/\/zjarr.tv\/sq\/paditet-drejtori-i-burgjeve-anetari-i-bandes-bajrajve-ka-kallezuar-penalisht-ne-spak\/","title":{"rendered":"Paditet drejtori i burgjeve\/ An\u00ebtari i band\u00ebs Bajrajve ka kall\u00ebzuar penalisht n\u00eb  SPAK"},"content":{"rendered":"<p>Safet Bajri padit drejtorin e BurgjeveSafet Bajri, nje prej an\u00ebtareve te band\u00ebs s\u00eb Bajrajve n\u00eb Shkod\u00ebr ka kall\u00ebzuar penalisht n\u00eb SPAK drejtorin e P\u00ebrgjithsh\u00ebm t\u00eb Burgjeve, Agim Ismaili.<\/p>\n<p>Kall\u00ebzimin Bajri e ka bere pas k\u00ebrkesave t\u00eb shumta qe ka bere me heret per t\u2019u transferuar nga burgu i Fierit ku \u00ebsht\u00eb aktualisht, ne Burgun e Re\u00e7it.<\/p>\n<div class=\"in-artile-read-more\">\n<h2><span style=\"font-family: Verdana, Geneva, sans-serif; font-size: 15px; color: #222222;\">Bajri po vuan d\u00ebnimin ne burgun e Fierit, i d\u00ebnuar p\u00ebr llogari t\u00eb Belgjik\u00ebs. Bajri e ka kall\u00ebzuar drejtorin Ismaili p\u00ebr \u2018Shp\u00ebrdorim detyre\u2019.<\/span><\/h2>\n<\/div>\n<p>Sipas tij, q\u00ebndrimi i m\u00ebtejsh\u00ebm n\u00eb Burgun e Fierit i rrezikohet jeta nga persona te tjer\u00eb qe jan\u00eb te d\u00ebnuar aty.<\/p>\n","protected":false},"excerpt":{"rendered":"<p>Safet Bajri padit drejtorin e BurgjeveSafet Bajri, nje prej an\u00ebtareve te band\u00ebs s\u00eb Bajrajve n\u00eb Shkod\u00ebr ka kall\u00ebzuar penalisht n\u00eb SPAK drejtorin e P\u00ebrgjithsh\u00ebm t\u00eb Burgjeve, Agim Ismaili. Kall\u00ebzimin Bajri e ka bere pas k\u00ebrkesave t\u00eb shumta qe ka bere me heret per t\u2019u transferuar nga burgu i Fierit ku \u00ebsht\u00eb aktualisht, ne Burgun e [&hellip;]<\/p>\n","protected":false},"author":2020,"featured_media":130331,"comment_status":"open","ping_status":"closed","sticky":false,"template":"","format":"standard","meta":{"footnotes":""},"categories":[241],"tags":[],"class_list":{"0":"post-130330","1":"post","2":"type-post","3":"status-publish","4":"format-standard","5":"has-post-thumbnail","7":"category-aktualitet"},"_links":{"self":[{"href":"https:\/\/zjarr.tv\/sq\/wp-json\/wp\/v2\/posts\/130330","targetHints":{"allow":["GET"]}}],"collection":[{"href":"https:\/\/zjarr.tv\/sq\/wp-json\/wp\/v2\/posts"}],"about":[{"href":"https:\/\/zjarr.tv\/sq\/wp-json\/wp\/v2\/types\/post"}],"author":[{"embeddable":true,"href":"https:\/\/zjarr.tv\/sq\/wp-json\/wp\/v2\/users\/2020"}],"replies":[{"embeddable":true,"href":"https:\/\/zjarr.tv\/sq\/wp-json\/wp\/v2\/comments?post=130330"}],"version-history":[{"count":0,"href":"https:\/\/zjarr.tv\/sq\/wp-json\/wp\/v2\/posts\/130330\/revisions"}],"wp:featuredmedia":[{"embeddable":true,"href":"https:\/\/zjarr.tv\/sq\/wp-json\/wp\/v2\/media\/130331"}],"wp:attachment":[{"href":"https:\/\/zjarr.tv\/sq\/wp-json\/wp\/v2\/media?parent=130330"}],"wp:term":[{"taxonomy":"category","embeddable":true,"href":"https:\/\/zjarr.tv\/sq\/wp-json\/wp\/v2\/categories?post=130330"},{"taxonomy":"post_tag","embeddable":true,"href":"https:\/\/zjarr.tv\/sq\/wp-json\/wp\/v2\/tags?post=130330"}],"curies":[{"name":"wp","href":"https:\/\/api.w.org\/{rel}","templated":true}]}}