{"id":130345,"date":"2020-07-27T15:44:25","date_gmt":"2020-07-27T13:44:25","guid":{"rendered":"https:\/\/zjarr.tv\/?p=130345"},"modified":"2020-07-27T15:44:25","modified_gmt":"2020-07-27T13:44:25","slug":"transportonin-emigrantet-nga-devolli-ne-tirane-per-300-euro-kapet-organizatori-nga-durresi-me-3-shoket","status":"publish","type":"post","link":"https:\/\/zjarr.tv\/sq\/transportonin-emigrantet-nga-devolli-ne-tirane-per-300-euro-kapet-organizatori-nga-durresi-me-3-shoket\/","title":{"rendered":"Transportonin emigrant\u00ebt nga Devolli n\u00eb Tiran\u00eb p\u00ebr 300 Euro, kapet organizatori nga Durr\u00ebsi me 3 shok\u00ebt"},"content":{"rendered":"<p>Policia ka v\u00ebn\u00eb n\u00eb pranga kat\u00ebr persona, pasi kundrejt nj\u00eb fitimi t\u00eb caktuar u kan\u00eb ndihm\u00eb shtetasve t\u00eb huaj p\u00ebr t\u00eb kaluar n\u00eb m\u00ebnyr\u00eb t\u00eb paligjshme kufirin.Si rezultat i operacionit policor &#8220;Perimetri&#8221;, u b\u00eb kapja dhe arrestimi n\u00eb flagranc\u00eb i t\u00eb rinjve me iniciale \u00a0M.\u00c7., 19 vje\u00e7; \u00c7. B., 25 vje\u00e7; \u00a0M. L., 22 vje\u00e7 dhe F. Q., 27 vje\u00e7, banues n\u00eb Durr\u00ebs. N\u00eb bashk\u00ebpunim me nj\u00ebri tjetrin k\u00ebta t\u00eb rinj po transportonin 7 emigrant\u00eb t\u00eb paligjsh\u00ebm. Nga hetimet e kryera ka rezultuar se 27 vje\u00e7ari F. Q., ka qen\u00eb organizatori i k\u00ebtij aktiviteti kriminal, i cili n\u00eb bashk\u00ebpunim me tre t\u00eb rinjt\u00eb e tjer\u00eb u kishin premtuar emigrant\u00ebve t\u00eb paligjsh\u00ebm kalimin e tyre drejt vendeve t\u00eb BE-s\u00eb. Kalimi i tyre b\u00ebhej vet\u00ebm kundrejt nj\u00eb pagese prej 300 eurosh. Pas informacioneve t\u00eb ardhura, policia konstatoi mjetin tip \u201cBMW\u201d, me drejtues M. L., brenda t\u00eb cilit ndodheshin edhe \u00c7. B., dhe F. Q., si dhe mjetin tip \u201cAudi\u201d me drejtues M.\u00c7., brenda t\u00eb cilit ndodheshin 7 emigrant\u00eb t\u00eb paligjsh\u00ebm, t\u00eb cilit i kan\u00eb b\u00ebr\u00eb me shenj\u00eb t\u00eb ndalonte por ky i fundit nuk iu bind urdhrit t\u00eb punonj\u00ebsve t\u00eb policis\u00eb dhe \u00ebsht\u00eb larguar me shpejt\u00ebsi. Gjat\u00eb arratisjes n\u00eb fshatin Blac\u00eb t\u00eb Pogradecit automjeti \u00ebsht\u00eb p\u00ebrplasur me nj\u00eb mjet tip furgon duke shkaktuar d\u00ebme materiale. Materialet i kaluan Prokuroris\u00eb t\u00eb Rrethit Gjyq\u00ebsor Pogradec p\u00ebr veprat penale \u201cNdihma p\u00ebr kalim t\u00eb paligjsh\u00ebm t\u00eb kufijve, kryer n\u00eb bashk\u00ebpunim\u201d dhe \u201cMosbindja ndaj urdhrit t\u00eb punonj\u00ebsit t\u00eb policis\u00eb s\u00eb rendit publik\u201d.<\/p>\n","protected":false},"excerpt":{"rendered":"<p>Policia ka v\u00ebn\u00eb n\u00eb pranga kat\u00ebr persona, pasi kundrejt nj\u00eb fitimi t\u00eb caktuar u kan\u00eb ndihm\u00eb shtetasve t\u00eb huaj p\u00ebr t\u00eb kaluar n\u00eb m\u00ebnyr\u00eb t\u00eb paligjshme kufirin.Si rezultat i operacionit policor &#8220;Perimetri&#8221;, u b\u00eb kapja dhe arrestimi n\u00eb flagranc\u00eb i t\u00eb rinjve me iniciale \u00a0M.\u00c7., 19 vje\u00e7; \u00c7. B., 25 vje\u00e7; \u00a0M. L., 22 vje\u00e7 [&hellip;]<\/p>\n","protected":false},"author":2020,"featured_media":130346,"comment_status":"open","ping_status":"closed","sticky":false,"template":"","format":"standard","meta":{"footnotes":""},"categories":[235],"tags":[],"class_list":{"0":"post-130345","1":"post","2":"type-post","3":"status-publish","4":"format-standard","5":"has-post-thumbnail","7":"category-vendi"},"_links":{"self":[{"href":"https:\/\/zjarr.tv\/sq\/wp-json\/wp\/v2\/posts\/130345","targetHints":{"allow":["GET"]}}],"collection":[{"href":"https:\/\/zjarr.tv\/sq\/wp-json\/wp\/v2\/posts"}],"about":[{"href":"https:\/\/zjarr.tv\/sq\/wp-json\/wp\/v2\/types\/post"}],"author":[{"embeddable":true,"href":"https:\/\/zjarr.tv\/sq\/wp-json\/wp\/v2\/users\/2020"}],"replies":[{"embeddable":true,"href":"https:\/\/zjarr.tv\/sq\/wp-json\/wp\/v2\/comments?post=130345"}],"version-history":[{"count":0,"href":"https:\/\/zjarr.tv\/sq\/wp-json\/wp\/v2\/posts\/130345\/revisions"}],"wp:featuredmedia":[{"embeddable":true,"href":"https:\/\/zjarr.tv\/sq\/wp-json\/wp\/v2\/media\/130346"}],"wp:attachment":[{"href":"https:\/\/zjarr.tv\/sq\/wp-json\/wp\/v2\/media?parent=130345"}],"wp:term":[{"taxonomy":"category","embeddable":true,"href":"https:\/\/zjarr.tv\/sq\/wp-json\/wp\/v2\/categories?post=130345"},{"taxonomy":"post_tag","embeddable":true,"href":"https:\/\/zjarr.tv\/sq\/wp-json\/wp\/v2\/tags?post=130345"}],"curies":[{"name":"wp","href":"https:\/\/api.w.org\/{rel}","templated":true}]}}